{"id":671,"date":"2013-11-05T05:02:42","date_gmt":"2013-11-05T03:02:42","guid":{"rendered":"http:\/\/www.sibylleundmattiontour.com\/wordpress\/?p=671"},"modified":"2021-03-06T22:03:30","modified_gmt":"2021-03-06T20:03:30","slug":"3-11-2013-3-tag-in-lima","status":"publish","type":"post","link":"http:\/\/www.sibylleundmattiontour.com\/wordpress\/?p=671","title":{"rendered":"3.11.2013: 3.Tag in Lima"},"content":{"rendered":"<p style=\"text-align: justify\">Heute stand die Besichtigung Limas auf dem Programm. Wir versammelten uns zu normalen Zeit um 8 Uhr 30 zum Fr\u00fchst\u00fcck und genossen die peruanischen und amerikanisch angehauchten Kleinigkeiten. Dabei\u00a0 besprachen wir noch einmal, was wir uns heute anschauen wollten. Auf jeden Fall wollten wir uns die Altstadt von Lima ansehen und dort ein bi\u00dfchen bummeln gehen. Am Abend waren wir dann mit Thorsten H\u00f6lscher zum Essen in Larcomar verabredet, doch bis dahin war ja noch Zeit.<\/p>\n<p style=\"text-align: justify\">\nDieter hatte herausgefunden, dass es zum Zentrum ein ganzes St\u00fcck Fu\u00dfweg war. Am besten w\u00e4re es, wenn wir einen Bus oder ein Taxi nehmen w\u00fcrden. Aber heute war Sonntag und es fuhren nicht alle Buslinien, wie wir dann drau\u00dfen feststellten. Doch schnell fanden wir eine Linie, die die Avenida Arequipa herunterfahren w\u00fcrde, so dass wir dann zu gegebener Zeit einfach abbiegen und Richtung Zentrum gehen konnten. F\u00fcr die Busfahrt mu\u00dften wir nur 1 Sol (ca. 35 Cent) bezahlen, ein Spottpreis f\u00fcr diese lange Strecke. Wir nahmen Platz auf den hinteren Reihen, so dass wir alle zusammen sitzen konnten, und genossen die Fahrt in diesem einheimischen Verkehrsmittel.<\/p>\n<p style=\"text-align: justify\">\nAn der Avenida 28 de Julio stiegen wir dann aus und gingen weiter Richtung Zentrum. Zuerst kamen wir zum Plaza San Martin und machten ein paar Fotos, anschlie\u00dfend ging es weiter zum Plaza de Armas, wo wir die Kathedrale besichtigten.<\/p>\n<p style=\"text-align: justify\"><a href=\"http:\/\/www.sibylleundmattiontour.com\/wordpress\/wp-content\/uploads\/2013\/11\/DSC_0465.jpg\"><img loading=\"lazy\" decoding=\"async\" class=\"aligncenter size-medium wp-image-854\" alt=\"DSC_0465\" src=\"http:\/\/www.sibylleundmattiontour.com\/wordpress\/wp-content\/uploads\/2013\/11\/DSC_0465-300x200.jpg\" width=\"300\" height=\"200\" srcset=\"http:\/\/www.sibylleundmattiontour.com\/wordpress\/wp-content\/uploads\/2013\/11\/DSC_0465-300x200.jpg 300w, http:\/\/www.sibylleundmattiontour.com\/wordpress\/wp-content\/uploads\/2013\/11\/DSC_0465-210x140.jpg 210w, http:\/\/www.sibylleundmattiontour.com\/wordpress\/wp-content\/uploads\/2013\/11\/DSC_0465.jpg 1024w\" sizes=\"auto, (max-width: 300px) 100vw, 300px\" \/><\/a><\/p>\n<p style=\"text-align: justify\">Hier fand gerade ein Gottesdienst statt. Drau\u00dfen vor dem Justizpalast begann ein paar Minuten sp\u00e4ter der Wachwechsel. Dutzende von Schaulustigen hatten sich dort am Gitter versammelt und warteten auf den Beginn der Zeremonie.<\/p>\n<p style=\"text-align: justify\"><a href=\"http:\/\/www.sibylleundmattiontour.com\/wordpress\/wp-content\/uploads\/2013\/11\/DSC_0501.jpg\"><img loading=\"lazy\" decoding=\"async\" class=\"aligncenter size-medium wp-image-856\" alt=\"DSC_0501\" src=\"http:\/\/www.sibylleundmattiontour.com\/wordpress\/wp-content\/uploads\/2013\/11\/DSC_0501-300x200.jpg\" width=\"300\" height=\"200\" srcset=\"http:\/\/www.sibylleundmattiontour.com\/wordpress\/wp-content\/uploads\/2013\/11\/DSC_0501-300x200.jpg 300w, http:\/\/www.sibylleundmattiontour.com\/wordpress\/wp-content\/uploads\/2013\/11\/DSC_0501-210x140.jpg 210w, http:\/\/www.sibylleundmattiontour.com\/wordpress\/wp-content\/uploads\/2013\/11\/DSC_0501.jpg 1024w\" sizes=\"auto, (max-width: 300px) 100vw, 300px\" \/><\/a><br \/>\nWir gingen daran vorbei, passierten einen alten Bahnhof, der jetzt zu einem Literaturhaus umgebaut war und zogen weiter durch die Stra\u00dfen. An einem kleinen Platz sahen wir mit einem Mal eine Prozession, die musizierend durch die Stra\u00dfen zog. Im Gegensatz zu der Prozession in Bolivien, die wir vor 3 Jahren gesehen hatten, war die Musik dieses Mal ruhiger. Dann ging es weiter zur Inglesia San Francisco, wo wir eine F\u00fchrung mitmachten und auch die Katakomben sahen.<\/p>\n<p style=\"text-align: justify\"><a href=\"http:\/\/www.sibylleundmattiontour.com\/wordpress\/wp-content\/uploads\/2013\/11\/DSC_0486.jpg\"><img loading=\"lazy\" decoding=\"async\" class=\"aligncenter size-medium wp-image-855\" alt=\"DSC_0486\" src=\"http:\/\/www.sibylleundmattiontour.com\/wordpress\/wp-content\/uploads\/2013\/11\/DSC_0486-300x200.jpg\" width=\"300\" height=\"200\" srcset=\"http:\/\/www.sibylleundmattiontour.com\/wordpress\/wp-content\/uploads\/2013\/11\/DSC_0486-300x200.jpg 300w, http:\/\/www.sibylleundmattiontour.com\/wordpress\/wp-content\/uploads\/2013\/11\/DSC_0486-210x140.jpg 210w, http:\/\/www.sibylleundmattiontour.com\/wordpress\/wp-content\/uploads\/2013\/11\/DSC_0486.jpg 1024w\" sizes=\"auto, (max-width: 300px) 100vw, 300px\" \/><\/a><\/p>\n<p style=\"text-align: justify\">Vieles von dem, was wir hier im Zentrum sehen konnten, hatten Sibylle und ich bereits vor 3 Jahren mit unserer Studiosus Rundreise kennengelernt, doch es war sch\u00f6n, das alles noch ein zweites Mal zu sehen. Besonders die Katakomben der Kirche hatten wir damals nicht sehen k\u00f6nnen.<\/p>\n<p style=\"text-align: justify\">\nNach dem Besuch der Kirche fingen dann auch unsere M\u00e4gen an zu knurren und wir suchten uns ein Restaurant. Schnell wurden wir f\u00fcndig.<\/p>\n<p style=\"text-align: justify\">\nNach dem Essen gingen wir wieder langsam zur\u00fcck in Richtung Plaza de Armas. Unterwegs besprachen wir die weiteren Pl\u00e4ne. Mittlerweile war es Nachmittag und bis zum Treffen mit Thorsten H\u00f6lscher war nicht mehr so viel Zeit. Also entschieden wir uns, den Bus in Richtung Hotel zu nehmen, uns dort frisch zu machen und dann wieder in Richtung Larcomar zu gehen, wo wir bis zum Treffen warten wollten. Gesagt, getan. Dank Dieter fanden wir schnell die richtige Busstation und bekamen auch Zugang zu den Busterminals, wo wir auf die Linie C warteten, die nach ein paar Minuten auch schon kam. Mittlerweile war die Sonne herausgekommen und schien stark auf uns herab. Gut, dass wir uns eingecremt hatten.<\/p>\n<p style=\"text-align: justify\">\nEs war schon sehr interessant, mit dem Bus durch Lima zu fahren. Nicht nur, dass man hier so ein bi\u00dfchen Kontakt mit den Einheimischen bekam, es war auch eine gute M\u00f6glichkeit, etwas mehr abseits vom Tourismus der Stadt kennenzulernen.<br \/>\nAn der Station Benavides stiegen wir wieder aus und gingen zur\u00fcck zu unserem Hotel. Dort machten wir uns frisch und lie\u00dfen alles \u00fcberfl\u00fcssige im Hotel, bevor wir uns wieder auf den Weg nach Larcomar machten. Larcomar ist ein Einkaufszentrum an der K\u00fcste. Anke und Dieter kennen sich dort gut aus, Sibylle und ich waren nun auch schon dagewesen. Doch auch hier hatte sich seit unserem letzten Besuch einiges getan. Einige Gesch\u00e4fte waren verschwunden, andere hinzugekommen. Es waren heute viel mehr Menschen dort als noch beim letzten Mal.<\/p>\n<p style=\"text-align: justify\">\nWir hatten uns darauf gefreut, bei Sonnenuntergang gem\u00fctlich irgendwo sitzend einen Pisco Sour einzunehmen. Doch leider hatte die Sonne sich dazu entschieden, sich hinter einer dichten Decke aus Wolken und Dunst zu verbergen. Wir sahen kaum das Meer, geschweige denn die Sonne. Nur ihre W\u00e4rme war noch ein wenig zu sp\u00fcren. Doch bald lie\u00df auch das nach und dann wurde es windig und kalt.<br \/>\nKurz vor der verabredeten Zeit begaben wir uns zum Treffpunkt und warteten dort auf Thorsten H\u00f6lscher. Er versp\u00e4tete sich auch nur um ein paar Minuten. Gemeinsam gingen wir in das Restaurant Mango in der unteren Ebene Larcomars. Das erste Beschnuppern mit unserem Reiseleiter verlief sehr kurzweilig und es wurde ein netter Abend. Auch erfuhren wir von Thorsten schon, dass unsere Reise einen etwas anderen Verlauf nehmen w\u00fcrde als geplant war. Im Norden hatte es vor ein paar Tagen noch heftige Regenf\u00e4lle gegeben, so dass eine Stra\u00dfe, die wir wegen ihrer interessanten Landschaft fahren wollten, im Moment nicht passierbar ist. Thorsten mu\u00dfte umplanen und einen anderen Weg suchen, wodurch wir jetzt einen etwas anderes Verlauf haben werden.<\/p>\n<p style=\"text-align: justify\">\nEs gab leckeren Pisco Sour, sehr sch\u00f6n angerichtetes und zubereitetes peruanisches Essen und lustige Gespr\u00e4che. Der Abend machte Lust auf mehr und wir hofften, dass auch die anderen Reisenden, die wir in Chiclayo kennenlernen werden, gut dazu passen und wir uns die n\u00e4chsten Tage gut verstehen w\u00fcrden.<\/p>\n<p style=\"text-align: justify\">\nZu Fu\u00df gingen wir dann die Stra\u00dfe entlang zur\u00fcck zum Hotel und fielen, wie auch die letzten Tage, todm\u00fcde ins Bett. An Blog-schreiben oder Fotos sortieren war bisher nicht zu denken. Aber morgen ist ja ein Flugtag. Vielleicht findet sich da ein wenig Zeit, um die letzten Tage zu vervollst\u00e4ndigen und den Blog endlich mit ein paar Fotos zu verfeinern.<\/p>\n","protected":false},"excerpt":{"rendered":"<p>Heute stand die Besichtigung Limas auf dem Programm. Wir versammelten uns zu normalen Zeit um 8 Uhr 30 zum Fr\u00fchst\u00fcck und genossen die peruanischen und amerikanisch angehauchten Kleinigkeiten. Dabei\u00a0 besprachen &hellip; <a class=\"readmore\" href=\"http:\/\/www.sibylleundmattiontour.com\/wordpress\/?p=671\">Continue Reading \u2192<\/a><\/p>\n","protected":false},"author":2,"featured_media":853,"comment_status":"closed","ping_status":"open","sticky":false,"template":"","format":"standard","meta":{"footnotes":""},"categories":[9,16],"tags":[],"class_list":["post-671","post","type-post","status-publish","format-standard","has-post-thumbnail","hentry","category-fernreisen","category-nordperu-2013"],"_links":{"self":[{"href":"http:\/\/www.sibylleundmattiontour.com\/wordpress\/index.php?rest_route=\/wp\/v2\/posts\/671","targetHints":{"allow":["GET"]}}],"collection":[{"href":"http:\/\/www.sibylleundmattiontour.com\/wordpress\/index.php?rest_route=\/wp\/v2\/posts"}],"about":[{"href":"http:\/\/www.sibylleundmattiontour.com\/wordpress\/index.php?rest_route=\/wp\/v2\/types\/post"}],"author":[{"embeddable":true,"href":"http:\/\/www.sibylleundmattiontour.com\/wordpress\/index.php?rest_route=\/wp\/v2\/users\/2"}],"replies":[{"embeddable":true,"href":"http:\/\/www.sibylleundmattiontour.com\/wordpress\/index.php?rest_route=%2Fwp%2Fv2%2Fcomments&post=671"}],"version-history":[{"count":6,"href":"http:\/\/www.sibylleundmattiontour.com\/wordpress\/index.php?rest_route=\/wp\/v2\/posts\/671\/revisions"}],"predecessor-version":[{"id":859,"href":"http:\/\/www.sibylleundmattiontour.com\/wordpress\/index.php?rest_route=\/wp\/v2\/posts\/671\/revisions\/859"}],"wp:featuredmedia":[{"embeddable":true,"href":"http:\/\/www.sibylleundmattiontour.com\/wordpress\/index.php?rest_route=\/wp\/v2\/media\/853"}],"wp:attachment":[{"href":"http:\/\/www.sibylleundmattiontour.com\/wordpress\/index.php?rest_route=%2Fwp%2Fv2%2Fmedia&parent=671"}],"wp:term":[{"taxonomy":"category","embeddable":true,"href":"http:\/\/www.sibylleundmattiontour.com\/wordpress\/index.php?rest_route=%2Fwp%2Fv2%2Fcategories&post=671"},{"taxonomy":"post_tag","embeddable":true,"href":"http:\/\/www.sibylleundmattiontour.com\/wordpress\/index.php?rest_route=%2Fwp%2Fv2%2Ftags&post=671"}],"curies":[{"name":"wp","href":"https:\/\/api.w.org\/{rel}","templated":true}]}}