{"id":5548,"date":"2019-09-08T19:16:20","date_gmt":"2019-09-08T17:16:20","guid":{"rendered":"http:\/\/www.sibylleundmattiontour.com\/wordpress\/?p=5548"},"modified":"2021-03-06T21:52:56","modified_gmt":"2021-03-06T19:52:56","slug":"tag-17-02-09-2019-nach-kelowna","status":"publish","type":"post","link":"http:\/\/www.sibylleundmattiontour.com\/wordpress\/?p=5548","title":{"rendered":"Tag 17, 02.09.2019: Nach Kelowna"},"content":{"rendered":"\n<p>Heute ging es nach Kelowna. Der Weg f\u00fchrte uns immer n\u00e4her an Banff und Jasper heran, doch zuvor waren noch ein paar andere St\u00e4dte dran. Bevor wir uns aber auf den direkten Weg nach Kelowna im Okanagan Valley machten, statteten wir dem Visitors Center<br> des EC Manning Parks einen Besuch ab. Wir wollten noch ein wenig wandern und hofften auf eine nette Beratung durch das Center.<br>Tats\u00e4chlich hatten wir Erfolg. Eine junge Rangerin schlug uns ein paar Trails vor. Bei der Frage nach dem sch\u00f6nsten Trail, fiel  ihr Urteil sofort auf den Heather Trail, weil dieser sehr weit hinauf f\u00fchrt und man einen herrlichen Blick \u00fcber das gesamte Parkareal hat und man au\u00dferdem viele Wiesen und Blumen sehen kann. <\/p>\n\n\n\n<figure class=\"wp-block-image\"><img loading=\"lazy\" decoding=\"async\" width=\"1024\" height=\"683\" src=\"http:\/\/www.sibylleundmattiontour.com\/wordpress\/wp-content\/uploads\/2019\/09\/DSC_2809_s-1024x683.jpg\" alt=\"\" class=\"wp-image-5525\" srcset=\"http:\/\/www.sibylleundmattiontour.com\/wordpress\/wp-content\/uploads\/2019\/09\/DSC_2809_s.jpg 1024w, http:\/\/www.sibylleundmattiontour.com\/wordpress\/wp-content\/uploads\/2019\/09\/DSC_2809_s-300x200.jpg 300w, http:\/\/www.sibylleundmattiontour.com\/wordpress\/wp-content\/uploads\/2019\/09\/DSC_2809_s-768x512.jpg 768w, http:\/\/www.sibylleundmattiontour.com\/wordpress\/wp-content\/uploads\/2019\/09\/DSC_2809_s-210x140.jpg 210w\" sizes=\"auto, (max-width: 1024px) 100vw, 1024px\" \/><\/figure>\n\n\n\n<figure class=\"wp-block-image\"><img loading=\"lazy\" decoding=\"async\" width=\"1024\" height=\"683\" src=\"http:\/\/www.sibylleundmattiontour.com\/wordpress\/wp-content\/uploads\/2019\/09\/DSC_2812_s-1024x683.jpg\" alt=\"\" class=\"wp-image-5526\" srcset=\"http:\/\/www.sibylleundmattiontour.com\/wordpress\/wp-content\/uploads\/2019\/09\/DSC_2812_s.jpg 1024w, http:\/\/www.sibylleundmattiontour.com\/wordpress\/wp-content\/uploads\/2019\/09\/DSC_2812_s-300x200.jpg 300w, http:\/\/www.sibylleundmattiontour.com\/wordpress\/wp-content\/uploads\/2019\/09\/DSC_2812_s-768x512.jpg 768w, http:\/\/www.sibylleundmattiontour.com\/wordpress\/wp-content\/uploads\/2019\/09\/DSC_2812_s-210x140.jpg 210w\" sizes=\"auto, (max-width: 1024px) 100vw, 1024px\" \/><\/figure>\n\n\n\n<p>Und man musste den Trail nicht komplett gehen. Wir wollten eigentlich auch keine 4 Stunden Wanderung machen, sondern hatten eher an 2 Stunden gedacht. <br> Mit dem Wohnmobil ging es dann bis auf ca. 1900 m hinauf, in Serpentinen schl\u00e4ngelte sich der Weg am Felsen entlang und die Stra\u00dfe war nicht einmal zur Seite gesichert. Mit teilweise 30-40 km\/h mussten wir uns hinaufschieben. Heute war Sibylle am Steuer. Sie hatte sich die Fahrt sicher etwas anders vorgestellt, aber letztlich war alles ganz ungef\u00e4hrlich. <br> Wir sind dann bei noch etwas frischen Temperaturen um die 12 Grad gestartet. Der Ausblick auf die umliegenden Berge vom Startpunkt am Parkplatz war schon einmal sehr sch\u00f6n. Der Trail selber f\u00fchrte zu Anfang an Wiesen vorbei und in ein leicht bewaldetes Gebiet. <\/p>\n\n\n\n<figure class=\"wp-block-image\"><img loading=\"lazy\" decoding=\"async\" width=\"683\" height=\"1024\" src=\"http:\/\/www.sibylleundmattiontour.com\/wordpress\/wp-content\/uploads\/2019\/09\/DSC_2813_s-e1567962713786-683x1024.jpg\" alt=\"\" class=\"wp-image-5527\" srcset=\"http:\/\/www.sibylleundmattiontour.com\/wordpress\/wp-content\/uploads\/2019\/09\/DSC_2813_s-e1567962713786.jpg 683w, http:\/\/www.sibylleundmattiontour.com\/wordpress\/wp-content\/uploads\/2019\/09\/DSC_2813_s-e1567962713786-200x300.jpg 200w, http:\/\/www.sibylleundmattiontour.com\/wordpress\/wp-content\/uploads\/2019\/09\/DSC_2813_s-e1567962713786-140x210.jpg 140w\" sizes=\"auto, (max-width: 683px) 100vw, 683px\" \/><\/figure>\n\n\n\n<figure class=\"wp-block-image\"><img loading=\"lazy\" decoding=\"async\" width=\"683\" height=\"1024\" src=\"http:\/\/www.sibylleundmattiontour.com\/wordpress\/wp-content\/uploads\/2019\/09\/DSC_2814_s-e1567962769582-683x1024.jpg\" alt=\"\" class=\"wp-image-5528\" srcset=\"http:\/\/www.sibylleundmattiontour.com\/wordpress\/wp-content\/uploads\/2019\/09\/DSC_2814_s-e1567962769582.jpg 683w, http:\/\/www.sibylleundmattiontour.com\/wordpress\/wp-content\/uploads\/2019\/09\/DSC_2814_s-e1567962769582-200x300.jpg 200w, http:\/\/www.sibylleundmattiontour.com\/wordpress\/wp-content\/uploads\/2019\/09\/DSC_2814_s-e1567962769582-140x210.jpg 140w\" sizes=\"auto, (max-width: 683px) 100vw, 683px\" \/><\/figure>\n\n\n\n<figure class=\"wp-block-image\"><img loading=\"lazy\" decoding=\"async\" width=\"1024\" height=\"683\" src=\"http:\/\/www.sibylleundmattiontour.com\/wordpress\/wp-content\/uploads\/2019\/09\/DSC_2816_s-1024x683.jpg\" alt=\"\" class=\"wp-image-5530\" srcset=\"http:\/\/www.sibylleundmattiontour.com\/wordpress\/wp-content\/uploads\/2019\/09\/DSC_2816_s.jpg 1024w, http:\/\/www.sibylleundmattiontour.com\/wordpress\/wp-content\/uploads\/2019\/09\/DSC_2816_s-300x200.jpg 300w, http:\/\/www.sibylleundmattiontour.com\/wordpress\/wp-content\/uploads\/2019\/09\/DSC_2816_s-768x512.jpg 768w, http:\/\/www.sibylleundmattiontour.com\/wordpress\/wp-content\/uploads\/2019\/09\/DSC_2816_s-210x140.jpg 210w\" sizes=\"auto, (max-width: 1024px) 100vw, 1024px\" \/><\/figure>\n\n\n\n<p>Es ging etwas hinunter und der Baumbestand wurde dichter, der Boden wechselte von losen Steinen<br> zu dichtem Wurzelwerk. Links und rechts des Weges waren die letzten Reste verbl\u00fchter Sommerblumen zu sehen. Um uns herum war es ruhig und wir wurden uns bewu\u00dft, das British Columbia B\u00e4rengebiet ist. Sowohl Schwarzb\u00e4ren als auch Grizzlys k\u00f6nnen hier<br>herumlaufen. Entsprechende Warnschilder h\u00e4ngen bei jeder Wanderung und auch an den Stra\u00dfen wird teilweise vor herumlaufenden Tieren gewarnt. <\/p>\n\n\n\n<figure class=\"wp-block-image\"><img loading=\"lazy\" decoding=\"async\" width=\"1024\" height=\"683\" src=\"http:\/\/www.sibylleundmattiontour.com\/wordpress\/wp-content\/uploads\/2019\/09\/DSC_2815_s-1024x683.jpg\" alt=\"\" class=\"wp-image-5529\" srcset=\"http:\/\/www.sibylleundmattiontour.com\/wordpress\/wp-content\/uploads\/2019\/09\/DSC_2815_s.jpg 1024w, http:\/\/www.sibylleundmattiontour.com\/wordpress\/wp-content\/uploads\/2019\/09\/DSC_2815_s-300x200.jpg 300w, http:\/\/www.sibylleundmattiontour.com\/wordpress\/wp-content\/uploads\/2019\/09\/DSC_2815_s-768x512.jpg 768w, http:\/\/www.sibylleundmattiontour.com\/wordpress\/wp-content\/uploads\/2019\/09\/DSC_2815_s-210x140.jpg 210w\" sizes=\"auto, (max-width: 1024px) 100vw, 1024px\" \/><\/figure>\n\n\n\n<p>Sibylle war tapfer und ist weiter auf dem Trail gegangen, auch wenn wir zeitweise ganz allein unterwegs waren. Aber dann kamen auch andere Wanderer, sowohl hatten wir Gegenverkehr als auch \u00dcberholer. Nach einer sch\u00f6nen Wanderung durch bewaldetes Gebiet sind wir dann an einem Wildcampingplatz angekommen, in ca. 2100 m H\u00f6he. Dies nutzten wir zur Umkehr. Unterwegs sahen wir keine B\u00e4ren, daf\u00fcr viele V\u00f6gel, ein Murmeltier und diverse Squirrels. <\/p>\n\n\n\n<figure class=\"wp-block-image\"><img loading=\"lazy\" decoding=\"async\" width=\"1024\" height=\"683\" src=\"http:\/\/www.sibylleundmattiontour.com\/wordpress\/wp-content\/uploads\/2019\/09\/DSC_2819_s-1024x683.jpg\" alt=\"\" class=\"wp-image-5533\" srcset=\"http:\/\/www.sibylleundmattiontour.com\/wordpress\/wp-content\/uploads\/2019\/09\/DSC_2819_s.jpg 1024w, http:\/\/www.sibylleundmattiontour.com\/wordpress\/wp-content\/uploads\/2019\/09\/DSC_2819_s-300x200.jpg 300w, http:\/\/www.sibylleundmattiontour.com\/wordpress\/wp-content\/uploads\/2019\/09\/DSC_2819_s-768x512.jpg 768w, http:\/\/www.sibylleundmattiontour.com\/wordpress\/wp-content\/uploads\/2019\/09\/DSC_2819_s-210x140.jpg 210w\" sizes=\"auto, (max-width: 1024px) 100vw, 1024px\" \/><\/figure>\n\n\n\n<figure class=\"wp-block-image\"><img loading=\"lazy\" decoding=\"async\" width=\"1024\" height=\"683\" src=\"http:\/\/www.sibylleundmattiontour.com\/wordpress\/wp-content\/uploads\/2019\/09\/DSC_2818_s-1024x683.jpg\" alt=\"\" class=\"wp-image-5532\" srcset=\"http:\/\/www.sibylleundmattiontour.com\/wordpress\/wp-content\/uploads\/2019\/09\/DSC_2818_s.jpg 1024w, http:\/\/www.sibylleundmattiontour.com\/wordpress\/wp-content\/uploads\/2019\/09\/DSC_2818_s-300x200.jpg 300w, http:\/\/www.sibylleundmattiontour.com\/wordpress\/wp-content\/uploads\/2019\/09\/DSC_2818_s-768x512.jpg 768w, http:\/\/www.sibylleundmattiontour.com\/wordpress\/wp-content\/uploads\/2019\/09\/DSC_2818_s-210x140.jpg 210w\" sizes=\"auto, (max-width: 1024px) 100vw, 1024px\" \/><\/figure>\n\n\n\n<figure class=\"wp-block-image\"><img loading=\"lazy\" decoding=\"async\" width=\"1024\" height=\"683\" src=\"http:\/\/www.sibylleundmattiontour.com\/wordpress\/wp-content\/uploads\/2019\/09\/DSC_2820_s-1024x683.jpg\" alt=\"\" class=\"wp-image-5534\" srcset=\"http:\/\/www.sibylleundmattiontour.com\/wordpress\/wp-content\/uploads\/2019\/09\/DSC_2820_s.jpg 1024w, http:\/\/www.sibylleundmattiontour.com\/wordpress\/wp-content\/uploads\/2019\/09\/DSC_2820_s-300x200.jpg 300w, http:\/\/www.sibylleundmattiontour.com\/wordpress\/wp-content\/uploads\/2019\/09\/DSC_2820_s-768x512.jpg 768w, http:\/\/www.sibylleundmattiontour.com\/wordpress\/wp-content\/uploads\/2019\/09\/DSC_2820_s-210x140.jpg 210w\" sizes=\"auto, (max-width: 1024px) 100vw, 1024px\" \/><\/figure>\n\n\n\n<p>Nach knapp 2 Stunden und 9 km Wanderung waren wir dann wieder zur\u00fcck am Wohnmobil und sind nach Kelowna gestartet. <br> Die Fahrt nach Kelowna f\u00fchrte uns durch leicht h\u00fcgelige Landschaften, sehr sch\u00f6n und mit vielen Fl\u00fcssen. Kelowna liegt im Okanagan Valley, welches in Kanada sehr bekannt ist f\u00fcr den Weinanbau.<br>Am fr\u00fchen Nachmittag haben wir dann eine nette Pause direkt an einem See gemacht, dem Allison Lake. Sp\u00e4ter haben wir im Reisef\u00fchrer gelesen, dass dieser See bei den Kanadiern in dieser Region sehr beliebt f\u00fcr Kurzausfl\u00fcge ist. Man kann dort sehr sch\u00f6n schwimmen, Kanu fahren, Boot fahren oder mit dem Jetski unterwegs sein. Wir haben unsere Campingst\u00fchle rausgeholt und uns mit Blick auf den See neben unser Wohnmobil gesetzt. Das war herrlich und sehr erholsam und der Kaffee schmeckte nochmal so gut.<br> Inzwischen war es richtig warm geworden. Es mussten mindestens 25 Grad sein und dazu etwas stickig, so als ob ein Gewitter in der Luft lag. Am fr\u00fchen Abend sind wir dann in Kelowna angekommen und haben unseren Campingplatz angesteuert. Leider hat Tyler, der Besitzer, unsere Reservierung vergessen und der Platz war ausgebucht. Wir mussten einen Platz unter den B\u00e4umen nehmen, ohne festen Strom und Wasseranschluss, wie wir gebucht hatten. Und eine Feuerstelle gab es auch nicht. So gab es denn bei uns an diesem Abend Pasta Bolognese, was auch sehr lecker geschmeckt hat.<\/p>\n","protected":false},"excerpt":{"rendered":"<p>Heute ging es nach Kelowna. Der Weg f\u00fchrte uns immer n\u00e4her an Banff und Jasper heran, doch zuvor waren noch ein paar andere St\u00e4dte dran. Bevor wir uns aber auf &hellip; <a class=\"readmore\" href=\"http:\/\/www.sibylleundmattiontour.com\/wordpress\/?p=5548\">Continue Reading \u2192<\/a><\/p>\n","protected":false},"author":1,"featured_media":5529,"comment_status":"closed","ping_status":"closed","sticky":false,"template":"","format":"standard","meta":{"footnotes":""},"categories":[1,9,26],"tags":[],"class_list":["post-5548","post","type-post","status-publish","format-standard","has-post-thumbnail","hentry","category-allgemein","category-fernreisen","category-kanada-2019"],"_links":{"self":[{"href":"http:\/\/www.sibylleundmattiontour.com\/wordpress\/index.php?rest_route=\/wp\/v2\/posts\/5548","targetHints":{"allow":["GET"]}}],"collection":[{"href":"http:\/\/www.sibylleundmattiontour.com\/wordpress\/index.php?rest_route=\/wp\/v2\/posts"}],"about":[{"href":"http:\/\/www.sibylleundmattiontour.com\/wordpress\/index.php?rest_route=\/wp\/v2\/types\/post"}],"author":[{"embeddable":true,"href":"http:\/\/www.sibylleundmattiontour.com\/wordpress\/index.php?rest_route=\/wp\/v2\/users\/1"}],"replies":[{"embeddable":true,"href":"http:\/\/www.sibylleundmattiontour.com\/wordpress\/index.php?rest_route=%2Fwp%2Fv2%2Fcomments&post=5548"}],"version-history":[{"count":3,"href":"http:\/\/www.sibylleundmattiontour.com\/wordpress\/index.php?rest_route=\/wp\/v2\/posts\/5548\/revisions"}],"predecessor-version":[{"id":5551,"href":"http:\/\/www.sibylleundmattiontour.com\/wordpress\/index.php?rest_route=\/wp\/v2\/posts\/5548\/revisions\/5551"}],"wp:featuredmedia":[{"embeddable":true,"href":"http:\/\/www.sibylleundmattiontour.com\/wordpress\/index.php?rest_route=\/wp\/v2\/media\/5529"}],"wp:attachment":[{"href":"http:\/\/www.sibylleundmattiontour.com\/wordpress\/index.php?rest_route=%2Fwp%2Fv2%2Fmedia&parent=5548"}],"wp:term":[{"taxonomy":"category","embeddable":true,"href":"http:\/\/www.sibylleundmattiontour.com\/wordpress\/index.php?rest_route=%2Fwp%2Fv2%2Fcategories&post=5548"},{"taxonomy":"post_tag","embeddable":true,"href":"http:\/\/www.sibylleundmattiontour.com\/wordpress\/index.php?rest_route=%2Fwp%2Fv2%2Ftags&post=5548"}],"curies":[{"name":"wp","href":"https:\/\/api.w.org\/{rel}","templated":true}]}}