{"id":1307,"date":"2014-11-21T04:29:40","date_gmt":"2014-11-21T02:29:40","guid":{"rendered":"http:\/\/www.sibylleundmattiontour.com\/wordpress\/?p=1307"},"modified":"2021-03-06T22:03:03","modified_gmt":"2021-03-06T20:03:03","slug":"18-11-2014-von-tehuantepec-nach-san-cristobal","status":"publish","type":"post","link":"http:\/\/www.sibylleundmattiontour.com\/wordpress\/?p=1307","title":{"rendered":"18.11.2014 &#8211; Von Tehuantepec nach San Cristobal"},"content":{"rendered":"<p style=\"text-align: justify;\">Vielleicht w\u00e4re es besser gewesen, wenn wir die Klimaanlage \u00fcber Nacht angelassen h\u00e4tten, denn als unser Wecker um viertel vor 6 klingelte, war es schon wieder sehr schw\u00fcl und warm.<\/p>\n<p style=\"text-align: justify;\">Ein kurzer Blick aus dem Fenster auf den Pool vor unserem Fenster und die B\u00e4ume dahinter zeigte uns, dass der Wind keineswegs abgeflaut war. Die \u00c4ste bogen sich und verstreuten ihre Bl\u00e4tter \u00fcber den frisch gesprengten Rasen. Fr\u00fches Aufstehen im Urlaub ist nicht sch\u00f6n, aber da wir wegen der Fahrt nach San Cristobal und unserer Fahrt im Canon de la Sumidero rechtzeitig um 8 Uhr losfahren wollten, mussten wir den Wecker so fr\u00fch stellen und uns aus dem Bett q\u00e4ulen. Zum Koffer packen ist hier abends kaum Zeit.<\/p>\n<p style=\"text-align: justify;\">Nach dem typischen Reise-Fr\u00fchst\u00fcck &#8211; bestehend aus Toast und Marmelade sowie R\u00fchr- oder Spiegelei mit Schinken oder K\u00e4se &#8211; ging es gest\u00e4rkt in den Bus und auf die Fahrt nach San Cristobal. Auch wenn wir durch die get\u00f6nten Scheiben des Busses nicht sehr hinaussehen konnten &#8211; zumindest war es f\u00fcr das fotografieren nicht optimal &#8211; konnten wir doch sehen, dass es immer noch sehr windig war. Je l\u00e4nger wir unterwegs waren, desto tiefer bogen sich die B\u00e4ume und Palmen unter dem \u00fcber das Land ziehenden Wind. Thomas hatte uns erkl\u00e4rt, dass wir uns hier an der schmalsten Stelle von Mexiko waren, wo es zwischen den beiden K\u00fcstenseiten nicht sehr weit war. Der Wind kam vom Ozean und fegte \u00fcber das Land.<\/p>\n<p style=\"text-align: justify;\">Wir kamen nach La Ventosa und sahen schon unter den ersten Br\u00fccken, dass hier Lkws mit Anh\u00e4ngern Schutz vor dem Wind gesucht hatten. Wir fuhren weiter. Salvadore hatte sichtlich M\u00fche das Auto zu lenken, den der Wagen wackelte ganz sch\u00f6n. Aufgrund der H\u00f6he unseres Sprinters bieten wir auch eine recht hohe Windangriffsfl\u00e4che im Verh\u00e4ltnis zu unserem Gewicht. Links und rechts der Stra\u00dfe bogen sich die vereinzelt herumstehenden Palmen noch weiter herunter. Der Park aus Windkraftr\u00e4dern war au\u00dfer Betrieb, als Schutzma\u00dfnahme vor den hohen Windgeschwindigkeiten. Vor uns tauchten die R\u00fccklichter von Lkws und Bussen auf. Salvadore wurde langsamer und hielt schlie\u00dflich an. Der Verkehr war zum erliegen gekommen.<\/p>\n<p style=\"text-align: justify;\">Thomas beschloss, sich zu erkundigen, was passiert war und stieg aus dem Auto. Er konnte kaum die Autot\u00fcr schlie\u00dfen, weil der Wind mit aller Kraft dagegen hielt. Schr\u00e4g gegen den Wind anlaufend suchte sich Thomas seinen Weg zwischen den wartenden Autos. W\u00e4hrenddessen setzte Salvadore unseren Bus langsam zur\u00fcck und suchte hinter einem gr\u00f6\u00dferen Reisebus Schutz. Bald sahen wir Thomas zur\u00fcckkommen. Er hatte Schwierigkeiten, auf den Beinen zu bleiben. Als er in den Bus zur\u00fcckkam, ri\u00df es ihm die T\u00fcr aus der Hand und sie donnerte gegen seinen Oberschenkel. Das tat weh!<\/p>\n<p style=\"text-align: justify;\">Thomas er\u00f6ffnete uns, dass vorne ein Lkw umgekippt war und die Stra\u00dfe versperrte. Es gab kein vorbeikommen und selbst wenn, es w\u00e4re f\u00fcr unseren Bus im Moment zu gef\u00e4hrlich. Also drehten wir um und fuhren ein paar Kilometer zur\u00fcck zu einer Tankstelle. Hier erkundigte sich Thomas nach der Wetterlage und erfuhr, dass es besser w\u00e4re, wenn wir einen anderen Weg nehmen w\u00fcrden. Nach einer kurzen St\u00e4rkung und Toilettengang machten wir uns dann auf den etwa 3 mal l\u00e4ngeren Weg nach San Cristobal. Das Problem war, dass Thomas die Strecke nicht kannte und auch Salvadore sie bisher nur einmal gefahren war. Wir mussten einmal gen Norden fahren, ganz bis zur K\u00fcste und dann wieder gen S\u00fcden. Insgesamt w\u00fcrden wir ca 8 Stunden im Bus sitzen m\u00fcssen. Das w\u00e4re die l\u00e4ngste Distanz, die wir bisher zur\u00fccklegen mussten.<\/p>\n<p style=\"text-align: justify;\">Aber es gab keinen anderen Weg, um nach San Cristobal zu kommen. Leider w\u00fcrden wir dadurch nicht mehr die Fahrt durch den Canyon de la Sumidero machen k\u00f6nnen. Thomas beruhigte uns dann aber schnell und meinte, dass diese Bootsfahrt einfach auf den n\u00e4chsten Tag verschoben wird. Das beruhigte uns, denn diese Fahrt sollte eines der Highlights der Reise sein! Aber wir verloren unseren Humor nicht. Thomas verk\u00fcndete, dass nun eine Fahrt mit abenteuerlichen Kurven, niedlichen Talsperren und sch\u00f6nen T\u00e4ler vor uns l\u00e4ge, die er selber noch nicht kannte, Der Wind, der uns noch eine ganze Zeit begleitete, hatte Umwerfst\u00e4rke.<\/p>\n<p style=\"text-align: justify;\">Wir kamen in den Bundesstaat Vera Cruz, den ich bisher nur aus dem ber\u00fchmten Western kannte. Auch wenn die Landschaft teilweise recht nett anzuschauen war und f\u00fcr alle sehr interessant, war das sitzen im Bus doch sehr anstrengend. Es war teilweise sehr hei\u00df, dann wieder sehr zugig durch die ge\u00f6ffneten Fenster. Der Bus war einfach zu eng. Er war gemacht worden f\u00fcr Mexikaner, und die haben nun mal eine andere Durchschnittsgr\u00f6\u00dfe als Europ\u00e4er. Je h\u00f6her wir an den n\u00f6rdlichen Teil von Mexikos K\u00fcste kamen, desto st\u00e4rker wurde der Wind. Statt sch\u00f6ner T\u00e4ler und netter Talsperren bekamen wir Wind, Regen und \u00fcberschwemmte Felder zu sehen. Dunkle Wolken begleiteten uns und ich wartete nur noch auf die ersten Blitze, die \u00fcber den Himmel ziehen w\u00fcrden. Aber es kam kein Gewitter.<\/p>\n<p style=\"text-align: justify;\">Nach etwa 4 Stunden Busfahrt kamen wir nach Coatzacoalcos am Meer. Wir suchten uns ein einheimisches Restaurant und genossen die M\u00f6glichkeit, frischen Fisch zu essen. Das Essen war ok, aber Sibylle&#8217;s Fisch war leider zu lange gebraten und dadurch zu trocken. W\u00e4hrend wir a\u00dfen, kamen wieder Mariachi Musiker hinzu und platzierten sich direkt hinter uns und begannen zu spielen. Gut gest\u00e4rkt fuhren wir mit dem Bus noch den halben Kilometer zum Ozean. Beim aussteigen wurden wir fast weggeweht.<\/p>\n<p><a href=\"http:\/\/www.sibylleundmattiontour.com\/wordpress\/wp-content\/uploads\/2014\/11\/DSC_6626.jpg\"><img loading=\"lazy\" decoding=\"async\" class=\"aligncenter size-medium wp-image-1319\" alt=\"DSC_6626\" src=\"http:\/\/www.sibylleundmattiontour.com\/wordpress\/wp-content\/uploads\/2014\/11\/DSC_6626-300x200.jpg\" width=\"300\" height=\"200\" srcset=\"http:\/\/www.sibylleundmattiontour.com\/wordpress\/wp-content\/uploads\/2014\/11\/DSC_6626-300x200.jpg 300w, http:\/\/www.sibylleundmattiontour.com\/wordpress\/wp-content\/uploads\/2014\/11\/DSC_6626-210x140.jpg 210w, http:\/\/www.sibylleundmattiontour.com\/wordpress\/wp-content\/uploads\/2014\/11\/DSC_6626.jpg 978w\" sizes=\"auto, (max-width: 300px) 100vw, 300px\" \/><\/a><\/p>\n<p style=\"text-align: justify;\"><a href=\"http:\/\/www.sibylleundmattiontour.com\/wordpress\/wp-content\/uploads\/2014\/11\/DSC_6628.jpg\"><img loading=\"lazy\" decoding=\"async\" class=\"aligncenter size-medium wp-image-1320\" alt=\"DSC_6628\" src=\"http:\/\/www.sibylleundmattiontour.com\/wordpress\/wp-content\/uploads\/2014\/11\/DSC_6628-300x200.jpg\" width=\"300\" height=\"200\" srcset=\"http:\/\/www.sibylleundmattiontour.com\/wordpress\/wp-content\/uploads\/2014\/11\/DSC_6628-300x200.jpg 300w, http:\/\/www.sibylleundmattiontour.com\/wordpress\/wp-content\/uploads\/2014\/11\/DSC_6628-210x140.jpg 210w, http:\/\/www.sibylleundmattiontour.com\/wordpress\/wp-content\/uploads\/2014\/11\/DSC_6628.jpg 978w\" sizes=\"auto, (max-width: 300px) 100vw, 300px\" \/><\/a><\/p>\n<p style=\"text-align: justify;\">Sand wehte uns in die Augen und wir stiegen ganz verwuselt und zerzaust wieder in den Bus, so dass es gegen 15 Uhr 30 weiterging. \u00dcber den Rest der Reise gibt es nicht mehr viel zu erz\u00e4hlen. Wir versuchten, keinen Lagerkoller zu bekommen und lenkten uns ab, so gut es ging. Doch als es dunkel wurde, machte sich die M\u00fcdigkeit breit und es wurde ganz ruhig im Bus. Gegen 21 uhr 30 kamen wir in San Cristobal an. Es regnete Bindf\u00e4den und wir sahen au\u00dfer ein paar Lichtern nichts von der Stadt. Bis zu diesem Zeitpunkt hatten wir inzwischen 9 Stunden reine Fahrzeit hinter uns. Leider ben\u00f6tigten wir bis zum Hotel nun etwa eine weitere Stunde, weil es in unserem gebuchten Hotel einen Wasserrohrbruch gegeben hatte und weder Thomas noch der Fahrer die genaue Adresse des Ersatzhotels kannten. Wir fuhren erst ein bi\u00dfchen planlos durch die Stadt, dann kam Thomas auf die Idee, einen Taxifahrer zu fragen. Aber auch der kannte den Weg nicht wirklich, denn er fuhr in eine ganz falsche Richtung. Erst nach einer weiteren Dreivierrelstunde kamen wir am Hotel an und konnten einchecken. Was f\u00fcr ein Tag! Todm\u00fcde fielen wir ins Bett. Nachtrag: am n\u00e4chsten Tag erfuhren wir, dass eine Gruppe von Franzosen, die mit einem gro\u00dfen Reisebus unterwegs war und kurz vor uns in Tehuantepec gestartet war, die Sperrung bei La Ventosa passieren konnte. Allerdings gerieten sie unterwegs in eine Stra\u00dfensperre und mu\u00dften dort einen Umweg nehmen. Sie kamen 30 Minuten vor uns in San Cristobal an, hatten daf\u00fcr aber kein Mittagessen und keine M\u00f6glichkeit zu einem Stop unterwegs. Unsere Entscheidung, den l\u00e4ngeren Umweg zu nehmen, war im Nachhinein also goldrichtig gewesen.<\/p>\n","protected":false},"excerpt":{"rendered":"<p>Vielleicht w\u00e4re es besser gewesen, wenn wir die Klimaanlage \u00fcber Nacht angelassen h\u00e4tten, denn als unser Wecker um viertel vor 6 klingelte, war es schon wieder sehr schw\u00fcl und warm. &hellip; <a class=\"readmore\" href=\"http:\/\/www.sibylleundmattiontour.com\/wordpress\/?p=1307\">Continue Reading \u2192<\/a><\/p>\n","protected":false},"author":1,"featured_media":1320,"comment_status":"closed","ping_status":"open","sticky":false,"template":"","format":"standard","meta":{"footnotes":""},"categories":[9,19],"tags":[],"class_list":["post-1307","post","type-post","status-publish","format-standard","has-post-thumbnail","hentry","category-fernreisen","category-mexiko-2014"],"_links":{"self":[{"href":"http:\/\/www.sibylleundmattiontour.com\/wordpress\/index.php?rest_route=\/wp\/v2\/posts\/1307","targetHints":{"allow":["GET"]}}],"collection":[{"href":"http:\/\/www.sibylleundmattiontour.com\/wordpress\/index.php?rest_route=\/wp\/v2\/posts"}],"about":[{"href":"http:\/\/www.sibylleundmattiontour.com\/wordpress\/index.php?rest_route=\/wp\/v2\/types\/post"}],"author":[{"embeddable":true,"href":"http:\/\/www.sibylleundmattiontour.com\/wordpress\/index.php?rest_route=\/wp\/v2\/users\/1"}],"replies":[{"embeddable":true,"href":"http:\/\/www.sibylleundmattiontour.com\/wordpress\/index.php?rest_route=%2Fwp%2Fv2%2Fcomments&post=1307"}],"version-history":[{"count":2,"href":"http:\/\/www.sibylleundmattiontour.com\/wordpress\/index.php?rest_route=\/wp\/v2\/posts\/1307\/revisions"}],"predecessor-version":[{"id":1325,"href":"http:\/\/www.sibylleundmattiontour.com\/wordpress\/index.php?rest_route=\/wp\/v2\/posts\/1307\/revisions\/1325"}],"wp:featuredmedia":[{"embeddable":true,"href":"http:\/\/www.sibylleundmattiontour.com\/wordpress\/index.php?rest_route=\/wp\/v2\/media\/1320"}],"wp:attachment":[{"href":"http:\/\/www.sibylleundmattiontour.com\/wordpress\/index.php?rest_route=%2Fwp%2Fv2%2Fmedia&parent=1307"}],"wp:term":[{"taxonomy":"category","embeddable":true,"href":"http:\/\/www.sibylleundmattiontour.com\/wordpress\/index.php?rest_route=%2Fwp%2Fv2%2Fcategories&post=1307"},{"taxonomy":"post_tag","embeddable":true,"href":"http:\/\/www.sibylleundmattiontour.com\/wordpress\/index.php?rest_route=%2Fwp%2Fv2%2Ftags&post=1307"}],"curies":[{"name":"wp","href":"https:\/\/api.w.org\/{rel}","templated":true}]}}