{"id":1305,"date":"2014-11-21T04:27:32","date_gmt":"2014-11-21T02:27:32","guid":{"rendered":"http:\/\/www.sibylleundmattiontour.com\/wordpress\/?p=1305"},"modified":"2021-03-06T22:03:03","modified_gmt":"2021-03-06T20:03:03","slug":"17-11-2014-von-oaxaca-nach-tehuantepec","status":"publish","type":"post","link":"http:\/\/www.sibylleundmattiontour.com\/wordpress\/?p=1305","title":{"rendered":"17.11.2014 &#8211; Von Oaxaca nach Tehuantepec"},"content":{"rendered":"<p style=\"text-align: justify;\">Wie fast jeden Morgen standen wir um 6 Uhr auf und begannen damit, die Koffer zu packen, bevor es zum Fr\u00fchst\u00fcck hinunter ging. Wir waren so eingespielt, dass wir um Punkt sieben vor dem Eingang des Fr\u00fchst\u00fccksraums im Innenhof des Hotels standen. Aber der Raum war noch verschlossen. Hildegard und Michael waren auch schon da. Wir sahen, dass die Kellner im Raum eifrig damit besch\u00e4ftigt waren, die Tische fertig zu decken. Kurze Zeit sp\u00e4ter kamen wir hinein und setzten uns an die Tische, die f\u00fcr Papaya Tours reserviert waren.<\/p>\n<p style=\"text-align: justify;\">\u00a0Das Essen in den mexikanischen Hotels war auf dieser Reise sehr \u00e4hnlich. Mit wenigen Ausnahmen gab es jedes Mal einen kleinen Obstteller mit Papaya, Mango und Melone. Dazu gab es Toast, Erdbeermarmelade sowie R\u00fchrei oder Spiegelei. Die Marmelade war bisher immer von einer Marke, leider gab es bisher nur in Mexiko Stadt und Queretaro zus\u00e4tzlich Aufschnitt. Aber lecker ist es bisher trotzdem gewesen.<\/p>\n<p style=\"text-align: justify;\">\u00a0Wir brachen wie immer um kurz nach 8 auf und machten uns auf den Weg nach Tule. Auf der Fahrt dorthin erkl\u00e4rte uns Thomas wieder einiges \u00fcber Mexiko und besonders die Sprache N&#8217;atl. Uns war aufgefallen, das viele Orte entweder auf Tepec oder Tepl endeten. Thomas erkl\u00e4rte uns, dass Tepec H\u00fcgel und Tepl Berg bedeuten.<\/p>\n<p style=\"text-align: justify;\">Der erste Stop des Tages bei wieder sehr sch\u00f6nem, sonnigen Wetter war der ber\u00fchmte Baum von Tule.<br \/>\n<div id=\"attachment_1309\" style=\"width: 310px\" class=\"wp-caption aligncenter\"><a href=\"http:\/\/www.sibylleundmattiontour.com\/wordpress\/wp-content\/uploads\/2014\/11\/DSC_6503.jpg\"><img loading=\"lazy\" decoding=\"async\" aria-describedby=\"caption-attachment-1309\" src=\"http:\/\/www.sibylleundmattiontour.com\/wordpress\/wp-content\/uploads\/2014\/11\/DSC_6503-300x168.jpg\" alt=\"Baum von Tule\" width=\"300\" height=\"168\" class=\"size-medium wp-image-1309\" srcset=\"http:\/\/www.sibylleundmattiontour.com\/wordpress\/wp-content\/uploads\/2014\/11\/DSC_6503-300x168.jpg 300w, http:\/\/www.sibylleundmattiontour.com\/wordpress\/wp-content\/uploads\/2014\/11\/DSC_6503-210x117.jpg 210w, http:\/\/www.sibylleundmattiontour.com\/wordpress\/wp-content\/uploads\/2014\/11\/DSC_6503.jpg 978w\" sizes=\"auto, (max-width: 300px) 100vw, 300px\" \/><\/a><p id=\"caption-attachment-1309\" class=\"wp-caption-text\">Baum von Tule<\/p><\/div><br \/>\nIch muss gestehen, dass weder Sibylle noch ich etwas von diesem Baum etwas geh\u00f6rt hatten.<br \/>\n<a href=\"http:\/\/www.sibylleundmattiontour.com\/wordpress\/wp-content\/uploads\/2014\/11\/DSC_6523.jpg\"><img loading=\"lazy\" decoding=\"async\" src=\"http:\/\/www.sibylleundmattiontour.com\/wordpress\/wp-content\/uploads\/2014\/11\/DSC_6523-300x200.jpg\" alt=\"DSC_6523\" width=\"300\" height=\"200\" class=\"aligncenter size-medium wp-image-1310\" srcset=\"http:\/\/www.sibylleundmattiontour.com\/wordpress\/wp-content\/uploads\/2014\/11\/DSC_6523-300x200.jpg 300w, http:\/\/www.sibylleundmattiontour.com\/wordpress\/wp-content\/uploads\/2014\/11\/DSC_6523-210x140.jpg 210w, http:\/\/www.sibylleundmattiontour.com\/wordpress\/wp-content\/uploads\/2014\/11\/DSC_6523.jpg 978w\" sizes=\"auto, (max-width: 300px) 100vw, 300px\" \/><\/a><br \/>\nAber als wir vor der mehr als 2000 Jahre alten Zypresse standen, da waren wir schon ganz sch\u00f6n beeindruckt. Der Baum war etwa 42 m hoch und hatte einen Umfang von 58 m. Der Stamm war sehr verkn\u00f6chert und hart.<\/p>\n<p style=\"text-align: justify;\">Nach dem Besuch des Baumes, seines Sohnes (ca. 1000 Jahre alt) sowie seines Enkels (ca. 500 Jahre alt) kamen wir auf dem Weg zum Bus leider an einigen Verkaufsst\u00e4nden vorbei. Der Blick der M\u00e4nner fiel auf die funktionellen mexikanisch aussehenden Westen aus Baumwolle, die auchg unser Reiseleiter Thomas trug. Die Weste bot viel Platz zum verstauen und war sehr preiswert. J\u00f6rg und Alexander schlugen gleich zu. Auch die Frauen schauten sich dann die Kleider und Blusen in schlichtem, aber farbenfrohem mexikanischen Schnitt. Leider hielt uns die ganze Shoppingtour etwas auf und wir kamen leider sp\u00e4ter los als geplant.<\/p>\n<p style=\"text-align: justify;\">Wir fuhren weiter in Richtung Mitla und Hierve el Agua. Laut Programm sollten wir erst Mitla aufsuchen und dann Hierve el Agua. Aber Thomas fand, dass die umgekehrte Reihenfolge besser zum weiteren Verlauf des Tages passte. Also fuhren wir erst zu den sogenannten versteinerten Wasserf\u00e4llen Hierve al agua, 25km s\u00fcd\u00f6stlich von Mitla gelegen. An einer Stelle der Strasse entschied sich Salvadore dazu, nicht den offiziellen Hinweisschildern zu folgen. Statt dessen bog er in eine Art Baustelle ein und hielt mit dem Bus geradewegs auf eine Strassenabsperrung zu, die nur an einer Stelle eine schmale \u00d6ffnung besa\u00df. Hier lenkte Salvadore den Wagen geschickt hindurch und schon waren wir wieder auf einem unvollendeten St\u00fcck Autonbahn.<\/p>\n<p style=\"text-align: justify;\">Thomas erz\u00e4hlte uns, dass dies ein Teil einer neu gebauten, aber noch nicht offiziell freigegeben Strecke war. Es mutete etwas seltsam an, auf einer Baustelle zu fahren und nicht zu wissen, wohin es eigentlich ging. Noch mehr Gewicht bekam dieses Gef\u00fchl durch die Aussage von Thomas, dass er vor kurzem durch die Baustelle gefahren war und pl\u00f6tzlich am Ende der Stra\u00dfe an einem Abgrund stand, ohne ein Hinweisschild, das ihn vor der Gefahr warnte.<\/p>\n<p style=\"text-align: justify;\">Doch wir hatten nichts dergleichen zu bef\u00fcrchten. Auf der sch\u00f6n asphaltierten Strecke kamen wir gut voran. Steppe begleitete die Stra\u00dfe, braun und sehr h\u00fcgelig ging es immer weiter Richtung Mitla. Die vorbeiziehende Umgebung erinnerte an die Steppe aus den alten Westernfilmen.<\/p>\n<p style=\"text-align: justify;\">Wir kamen bei den Wasserf\u00e4llen gegen 10 Uhr 40 an. Als wir den Bus verlie\u00dfen schlug uns warme Luft entgegen und wir versorgten uns alle mit Sonnenhut und Sonnenbrille.<\/p>\n<p style=\"text-align: justify;\">\u00a0Ein altes Holzschild mit handgemalter Schrift wies den Weg zu Hierve el agua. Es war ein geschwungener, steiniger Weg hinunter, etwa 300 Meter lang. Ein Blick in die Umgebung offenbahrte die wundersch\u00f6ne, canonartige Landschaft. In der Ferne lagen die Berge, man konnte sehr weit sehen.<\/p>\n<p style=\"text-align: justify;\">Etwa auf der H\u00e4lfte des Weges sahen wir die ersten Auffangbecken des aus dem Berg tropfenden, kalkhaltigen Wassers. Um dorthin zu gelangen gab es keinen asphaltierten Weg, wie man es von anderen L\u00e4ndern an solchen touristischen Punkten kannte. Wir mussten kraxeln und uns unter dornigen B\u00fcschen hindurchducken und \u00fcber lose Steine herunterstiegen, um zu den Becken zu kommen. Die Becken befanden sich auf einem Plateau und eines der bis zum Rand mit kalkhaltigem Wasser gef\u00fcllten Becken lag direkt am Rand des Plateaus.<br \/>\n<a href=\"http:\/\/www.sibylleundmattiontour.com\/wordpress\/wp-content\/uploads\/2014\/11\/DSC_6529.jpg\"><img loading=\"lazy\" decoding=\"async\" src=\"http:\/\/www.sibylleundmattiontour.com\/wordpress\/wp-content\/uploads\/2014\/11\/DSC_6529-300x200.jpg\" alt=\"DSC_6529\" width=\"300\" height=\"200\" class=\"aligncenter size-medium wp-image-1311\" srcset=\"http:\/\/www.sibylleundmattiontour.com\/wordpress\/wp-content\/uploads\/2014\/11\/DSC_6529-300x200.jpg 300w, http:\/\/www.sibylleundmattiontour.com\/wordpress\/wp-content\/uploads\/2014\/11\/DSC_6529-210x140.jpg 210w, http:\/\/www.sibylleundmattiontour.com\/wordpress\/wp-content\/uploads\/2014\/11\/DSC_6529.jpg 978w\" sizes=\"auto, (max-width: 300px) 100vw, 300px\" \/><\/a><br \/>\nErst wurden ein paar Fotos von diesem au\u00dfergew\u00f6hnlichen Naturerlebnis geschossen, dann packten wir die Kameras beiseite und zogen die Kleider aus.<br \/>\n<a href=\"http:\/\/www.sibylleundmattiontour.com\/wordpress\/wp-content\/uploads\/2014\/11\/DSC_6541.jpg\"><img loading=\"lazy\" decoding=\"async\" src=\"http:\/\/www.sibylleundmattiontour.com\/wordpress\/wp-content\/uploads\/2014\/11\/DSC_6541-300x200.jpg\" alt=\"DSC_6541\" width=\"300\" height=\"200\" class=\"aligncenter size-medium wp-image-1312\" srcset=\"http:\/\/www.sibylleundmattiontour.com\/wordpress\/wp-content\/uploads\/2014\/11\/DSC_6541-300x200.jpg 300w, http:\/\/www.sibylleundmattiontour.com\/wordpress\/wp-content\/uploads\/2014\/11\/DSC_6541-210x140.jpg 210w, http:\/\/www.sibylleundmattiontour.com\/wordpress\/wp-content\/uploads\/2014\/11\/DSC_6541.jpg 978w\" sizes=\"auto, (max-width: 300px) 100vw, 300px\" \/><\/a><br \/>\nVorsichtig stiegen wir in das am Rand des Plateaus gelegene Becken. Das Wasser war frisch, aber nicht kalt. Einmal kurz untergetaucht und es war sogar sehr angenehm. In der prallen Sonne wurde es sogar recht warm. Es war herrlich, unter diesen Bedingungen zu schwimmen.<\/p>\n<p style=\"text-align: justify;\">Bevor wir um viertel nach 15 aufbrechen, gingen einige von uns noch zu einem Aussichtspunkt. Obwohl Thomas den Weg kannte und daran jetzt auch nichts au\u00dfergew\u00f6hnliches war, wurden wir von f\u00fcnf Mexikanern aufgehalten, die eine zus\u00e4tzliche Geb\u00fchr f\u00fcr den Zutritt verlangten. Thomas verhandelte und erfuhr, dass wir einen Guide nehmen mussten und eine freiwillige Servicegeb\u00fchr zahlen sollen. Da die Geb\u00fchr freiwllig war, stimmten wir f\u00fcr den F\u00fchrer und lie\u00dfen ihn voraus gehen. Der Weg zu dem Aussichtspunkt dauerte keine f\u00fcnf Minuten, dann standen wir neben ein paar B\u00fcschen und konnten einen sehr sch\u00f6nen Ausblick auf die Kalksteinwasserf\u00e4lle genie\u00dfen.<br \/>\n<a href=\"http:\/\/www.sibylleundmattiontour.com\/wordpress\/wp-content\/uploads\/2014\/11\/DSC_6552.jpg\"><img loading=\"lazy\" decoding=\"async\" src=\"http:\/\/www.sibylleundmattiontour.com\/wordpress\/wp-content\/uploads\/2014\/11\/DSC_6552-300x200.jpg\" alt=\"DSC_6552\" width=\"300\" height=\"200\" class=\"aligncenter size-medium wp-image-1313\" srcset=\"http:\/\/www.sibylleundmattiontour.com\/wordpress\/wp-content\/uploads\/2014\/11\/DSC_6552-300x200.jpg 300w, http:\/\/www.sibylleundmattiontour.com\/wordpress\/wp-content\/uploads\/2014\/11\/DSC_6552-210x140.jpg 210w, http:\/\/www.sibylleundmattiontour.com\/wordpress\/wp-content\/uploads\/2014\/11\/DSC_6552.jpg 978w\" sizes=\"auto, (max-width: 300px) 100vw, 300px\" \/><\/a><br \/>\nMan konnte genau sehen, wo das kalkhaltige Wasser aus dem Stein gekommen war und sich auf dem Felsen abgelagert hatte. Im Laufe von tausenden von Jahren hatten sich wundersch\u00f6ne Strukturen auf dem Fels gebildet.<\/p>\n<p style=\"text-align: justify;\">Dann ging es zur\u00fcck zum Bus und wir fuhren weiter nach Mitla. Gegen 13 Uhr kamen wir in Mitla auf der Arch\u00e4ologischen Anlage an. Hier gab es keine Pyramiden zu sehen, sondern Pal\u00e4ste. Thomas f\u00fchrte uns wieder sehr sachkundig durch die ganze Anlage. Wir bewunderten die ganz anders gestalteten Bauten, die rechteckige Formen hatten und an der Oberkante mit regelm\u00e4\u00dfigen Ornamenten verziert waren.<br \/>\n<a href=\"http:\/\/www.sibylleundmattiontour.com\/wordpress\/wp-content\/uploads\/2014\/11\/DSC_6574.jpg\"><img loading=\"lazy\" decoding=\"async\" src=\"http:\/\/www.sibylleundmattiontour.com\/wordpress\/wp-content\/uploads\/2014\/11\/DSC_6574-300x200.jpg\" alt=\"DSC_6574\" width=\"300\" height=\"200\" class=\"aligncenter size-medium wp-image-1314\" srcset=\"http:\/\/www.sibylleundmattiontour.com\/wordpress\/wp-content\/uploads\/2014\/11\/DSC_6574-300x200.jpg 300w, http:\/\/www.sibylleundmattiontour.com\/wordpress\/wp-content\/uploads\/2014\/11\/DSC_6574-210x140.jpg 210w, http:\/\/www.sibylleundmattiontour.com\/wordpress\/wp-content\/uploads\/2014\/11\/DSC_6574.jpg 978w\" sizes=\"auto, (max-width: 300px) 100vw, 300px\" \/><\/a><br \/>\nAuf der Anlage gab es auch mehrere Gr\u00e4ber, in die man hinabsteigen konnte. In einem Grab befand sich der sogenannte &#8222;Stein des Lebens&#8220;.<br \/>\n<div id=\"attachment_1318\" style=\"width: 310px\" class=\"wp-caption aligncenter\"><a href=\"http:\/\/www.sibylleundmattiontour.com\/wordpress\/wp-content\/uploads\/2014\/11\/DSC_6597.jpg\"><img loading=\"lazy\" decoding=\"async\" aria-describedby=\"caption-attachment-1318\" src=\"http:\/\/www.sibylleundmattiontour.com\/wordpress\/wp-content\/uploads\/2014\/11\/DSC_6597-300x200.jpg\" alt=\"Stein des Lebens\" width=\"300\" height=\"200\" class=\"size-medium wp-image-1318\" srcset=\"http:\/\/www.sibylleundmattiontour.com\/wordpress\/wp-content\/uploads\/2014\/11\/DSC_6597-300x200.jpg 300w, http:\/\/www.sibylleundmattiontour.com\/wordpress\/wp-content\/uploads\/2014\/11\/DSC_6597-210x140.jpg 210w, http:\/\/www.sibylleundmattiontour.com\/wordpress\/wp-content\/uploads\/2014\/11\/DSC_6597.jpg 978w\" sizes=\"auto, (max-width: 300px) 100vw, 300px\" \/><\/a><p id=\"caption-attachment-1318\" class=\"wp-caption-text\">Stein des Lebens<\/p><\/div><br \/>\nDer Sage nach musste man den Stein mit den Armen umklammern und die Anzahl an Zentimetern, die zwischen den Fingerspitzen lagen, gab die Zahl an Jahren an, die man noch zu leben hatte.<\/p>\n<p><a href=\"http:\/\/www.sibylleundmattiontour.com\/wordpress\/wp-content\/uploads\/2014\/11\/DSC_6588.jpg\"><img loading=\"lazy\" decoding=\"async\" src=\"http:\/\/www.sibylleundmattiontour.com\/wordpress\/wp-content\/uploads\/2014\/11\/DSC_6588-300x200.jpg\" alt=\"DSC_6588\" width=\"300\" height=\"200\" class=\"aligncenter size-medium wp-image-1315\" srcset=\"http:\/\/www.sibylleundmattiontour.com\/wordpress\/wp-content\/uploads\/2014\/11\/DSC_6588-300x200.jpg 300w, http:\/\/www.sibylleundmattiontour.com\/wordpress\/wp-content\/uploads\/2014\/11\/DSC_6588-210x140.jpg 210w, http:\/\/www.sibylleundmattiontour.com\/wordpress\/wp-content\/uploads\/2014\/11\/DSC_6588.jpg 978w\" sizes=\"auto, (max-width: 300px) 100vw, 300px\" \/><\/a><br \/>\n<a href=\"http:\/\/www.sibylleundmattiontour.com\/wordpress\/wp-content\/uploads\/2014\/11\/DSC_6592.jpg\"><img loading=\"lazy\" decoding=\"async\" src=\"http:\/\/www.sibylleundmattiontour.com\/wordpress\/wp-content\/uploads\/2014\/11\/DSC_6592-300x200.jpg\" alt=\"DSC_6592\" width=\"300\" height=\"200\" class=\"aligncenter size-medium wp-image-1316\" srcset=\"http:\/\/www.sibylleundmattiontour.com\/wordpress\/wp-content\/uploads\/2014\/11\/DSC_6592-300x200.jpg 300w, http:\/\/www.sibylleundmattiontour.com\/wordpress\/wp-content\/uploads\/2014\/11\/DSC_6592-210x140.jpg 210w, http:\/\/www.sibylleundmattiontour.com\/wordpress\/wp-content\/uploads\/2014\/11\/DSC_6592.jpg 978w\" sizes=\"auto, (max-width: 300px) 100vw, 300px\" \/><\/a><br \/>\n<a href=\"http:\/\/www.sibylleundmattiontour.com\/wordpress\/wp-content\/uploads\/2014\/11\/DSC_6595.jpg\"><img loading=\"lazy\" decoding=\"async\" src=\"http:\/\/www.sibylleundmattiontour.com\/wordpress\/wp-content\/uploads\/2014\/11\/DSC_6595-300x200.jpg\" alt=\"DSC_6595\" width=\"300\" height=\"200\" class=\"aligncenter size-medium wp-image-1317\" srcset=\"http:\/\/www.sibylleundmattiontour.com\/wordpress\/wp-content\/uploads\/2014\/11\/DSC_6595-300x200.jpg 300w, http:\/\/www.sibylleundmattiontour.com\/wordpress\/wp-content\/uploads\/2014\/11\/DSC_6595-210x140.jpg 210w, http:\/\/www.sibylleundmattiontour.com\/wordpress\/wp-content\/uploads\/2014\/11\/DSC_6595.jpg 978w\" sizes=\"auto, (max-width: 300px) 100vw, 300px\" \/><\/a><\/p>\n<p style=\"text-align: justify;\">Gegen 14 Uhr waren wir beim Mittagessen. Um es einfach zu machen, hatte Thomas wieder Buffett bestellt. Das Buffet war wirklich sehr reichhaltig und das beste mexikanischste Essen, was ich auf dieser Reise bisher genie\u00dfen konnte, obwohl das Restaurant eher Markthallencharakter hatte. Es war sowohl vom Variantenreichtum aussergew\u00f6hnlich abwechslungsreich als auch vom Sch\u00e4rfegrad. So hatte ich mir mexikanisches Essen vorgestellt. Wie bei unsere Gruppe \u00fcblich, ben\u00f6tigten wir wieder etwa 1 1\/2 Stunden zum Essen und bezahlen, so dass wir erst um 15 Uhr 30 loskamen.<\/p>\n<p style=\"text-align: justify;\">Der Sonnengott meinte es noch gut mit uns, denn noch immer schien die Sonne auf uns herab. Es war fast schon ein bi\u00dfchen viel Sonne.<\/p>\n<p style=\"text-align: justify;\">Unser Tagesziel war der Ort Tehuantepec, ein kleiner Ort an der d\u00fcnnsten Stelle des mexikanisches Landes gelegen.<\/p>\n<p style=\"text-align: justify;\">Wir fuhren durch den Ort Malatlan, wo der Legende nach Mezcal seinen Ursprung haben\u00a0soll.<\/p>\n<p style=\"text-align: justify;\">Die Stra\u00dfe war wieder sehr kurvenreich, viele Serpentinen, die Hildegard und Michael einiges abverlangen. Aber die beiden schlugen sich sehr tapfer! Die Fahrten in den Bergen mussten f\u00fcr Sie sehr anstrengend gewesen sein.<\/p>\n<p><a href=\"http:\/\/www.sibylleundmattiontour.com\/wordpress\/wp-content\/uploads\/2014\/11\/DSC_6608.jpg\"><img loading=\"lazy\" decoding=\"async\" src=\"http:\/\/www.sibylleundmattiontour.com\/wordpress\/wp-content\/uploads\/2014\/11\/DSC_6608-300x200.jpg\" alt=\"DSC_6608\" width=\"300\" height=\"200\" class=\"aligncenter size-medium wp-image-1321\" srcset=\"http:\/\/www.sibylleundmattiontour.com\/wordpress\/wp-content\/uploads\/2014\/11\/DSC_6608-300x200.jpg 300w, http:\/\/www.sibylleundmattiontour.com\/wordpress\/wp-content\/uploads\/2014\/11\/DSC_6608-210x140.jpg 210w, http:\/\/www.sibylleundmattiontour.com\/wordpress\/wp-content\/uploads\/2014\/11\/DSC_6608.jpg 978w\" sizes=\"auto, (max-width: 300px) 100vw, 300px\" \/><\/a><\/p>\n<p style=\"text-align: justify;\">Wir fuhren durch \u00fcppig gr\u00fcne Vegetation und kamen im Dunkeln in Tehuantepec an. Als wir aus dem Bus stiegen, wurden wir fast fortgeweht, weil es so windig war. Und es war sehr warm, schw\u00fclwarm. Auch auf den Zimmer des Hotels war es sehr schw\u00fcl. Wir mussten die Klimaanalge erst einmal auf 17 Grad einstellen, damit es etwas herunterk\u00fchlte.<\/p>\n<p style=\"text-align: justify;\">Nachdem Sibylle und ich erst einmal die Zeit genutzt hatten, um den Blog aktuell zu halten, gingen wir ins nahe Restaurant der Hotelanlage her\u00fcber und setzten uns zu J\u00f6rg und Kerstin, die gerade dabei waren, Essen zu bestellen. Nach und nach kamen noch Alex und Anja sowie Linda und Sebastian dazu und setzten sich zu uns an den Tisch. Es wurde ein netter und lustiger Abend.<\/p>\n","protected":false},"excerpt":{"rendered":"<p>Wie fast jeden Morgen standen wir um 6 Uhr auf und begannen damit, die Koffer zu packen, bevor es zum Fr\u00fchst\u00fcck hinunter ging. Wir waren so eingespielt, dass wir um &hellip; <a class=\"readmore\" href=\"http:\/\/www.sibylleundmattiontour.com\/wordpress\/?p=1305\">Continue Reading \u2192<\/a><\/p>\n","protected":false},"author":1,"featured_media":1317,"comment_status":"closed","ping_status":"open","sticky":false,"template":"","format":"standard","meta":{"footnotes":""},"categories":[9,19],"tags":[],"class_list":["post-1305","post","type-post","status-publish","format-standard","has-post-thumbnail","hentry","category-fernreisen","category-mexiko-2014"],"_links":{"self":[{"href":"http:\/\/www.sibylleundmattiontour.com\/wordpress\/index.php?rest_route=\/wp\/v2\/posts\/1305","targetHints":{"allow":["GET"]}}],"collection":[{"href":"http:\/\/www.sibylleundmattiontour.com\/wordpress\/index.php?rest_route=\/wp\/v2\/posts"}],"about":[{"href":"http:\/\/www.sibylleundmattiontour.com\/wordpress\/index.php?rest_route=\/wp\/v2\/types\/post"}],"author":[{"embeddable":true,"href":"http:\/\/www.sibylleundmattiontour.com\/wordpress\/index.php?rest_route=\/wp\/v2\/users\/1"}],"replies":[{"embeddable":true,"href":"http:\/\/www.sibylleundmattiontour.com\/wordpress\/index.php?rest_route=%2Fwp%2Fv2%2Fcomments&post=1305"}],"version-history":[{"count":3,"href":"http:\/\/www.sibylleundmattiontour.com\/wordpress\/index.php?rest_route=\/wp\/v2\/posts\/1305\/revisions"}],"predecessor-version":[{"id":1323,"href":"http:\/\/www.sibylleundmattiontour.com\/wordpress\/index.php?rest_route=\/wp\/v2\/posts\/1305\/revisions\/1323"}],"wp:featuredmedia":[{"embeddable":true,"href":"http:\/\/www.sibylleundmattiontour.com\/wordpress\/index.php?rest_route=\/wp\/v2\/media\/1317"}],"wp:attachment":[{"href":"http:\/\/www.sibylleundmattiontour.com\/wordpress\/index.php?rest_route=%2Fwp%2Fv2%2Fmedia&parent=1305"}],"wp:term":[{"taxonomy":"category","embeddable":true,"href":"http:\/\/www.sibylleundmattiontour.com\/wordpress\/index.php?rest_route=%2Fwp%2Fv2%2Fcategories&post=1305"},{"taxonomy":"post_tag","embeddable":true,"href":"http:\/\/www.sibylleundmattiontour.com\/wordpress\/index.php?rest_route=%2Fwp%2Fv2%2Ftags&post=1305"}],"curies":[{"name":"wp","href":"https:\/\/api.w.org\/{rel}","templated":true}]}}