{"id":1229,"date":"2014-11-16T08:36:38","date_gmt":"2014-11-16T06:36:38","guid":{"rendered":"http:\/\/www.sibylleundmattiontour.com\/wordpress\/?p=1229"},"modified":"2021-03-06T22:03:03","modified_gmt":"2021-03-06T20:03:03","slug":"13-11-2014-von-jalpan-ueber-bernal-nach-mexiko-stadt","status":"publish","type":"post","link":"http:\/\/www.sibylleundmattiontour.com\/wordpress\/?p=1229","title":{"rendered":"13.11.2014 &#8211; Von Jalpan \u00fcber Bernal nach Mexiko Stadt"},"content":{"rendered":"<p style=\"text-align: justify;\">Wir sp\u00fcren eine gewisse Routine in unseren Reisen. Ich kann noch nicht sagen, ob das gut oder schlecht ist. Zumindest ist es gut, dass der ganze Ablauf des Koffer packens ziemlich automatisch geht und wir so schneller fertig sind, als geplant. Kurz vor 7 gingen wir runter zum Fr\u00fchst\u00fcckstisch. Es war sehr kalt und zugig im Fr\u00fchst\u00fccksraum und noch ziemlich dunkel. Aber kurz nachdem wir uns setzten, kam ein Kellner und knipste das Licht an und fragte uns, ob wir schon Kaffee haben wollten.<\/p>\n<p style=\"text-align: justify;\">Nach einem erneut leckeren mexikanischen Fr\u00fchst\u00fcck geht es vor der Abfahrt zur Missionskirche gegen\u00fcber des Hotels. Linda, Sibylle, Sebastian und ich hatten die Kirche schon zwei Tage zuvor gesehen. Kai konnte zwar noch ein paar Informationen geben, aber letztlich nichts anderes als im Reisef\u00fchrer stand.<\/p>\n<p style=\"text-align: justify;\">Um 8 Uhr 40 fuhren wir ab nach Bernal. Dadurch, dass nun Anja und Alexander auch wieder mit an Bord waren, war der Bus sehr voll. Aber es war nicht ganz so schlimm, wie wir es am Abend zuvor noch bef\u00fcrchtet hatten. Dennoch, ein wenig mehr Beinfreiheit und Ablagefl\u00e4chen f\u00fcr Taschen und Rucks\u00e4cke oder Getr\u00e4nke w\u00e4re sch\u00f6n gewesen. Linda hatte zwar gestern abend noch mit Stefanie, der Chefin von Kai telefoniert und auf die Problematik des vollen Busses hingewiesen, doch die Aussichten auf einen anderen Bus waren gering.<\/p>\n<p style=\"text-align: justify;\">Wir verlie\u00dfen Jalpan im Nieselregen und st\u00e4rker werdendem Nebel. Die Fahrt durch die Berge war zun\u00e4chst langsam und auf Sicherheit bedacht, denn teilweise betrug die Sicht nur etwa 5 Meter oder weniger.\u00a0 Kaum verlie\u00dfen wir aber die Berge und kehrten zur\u00fcck in die Ebene, wurde das Wetter trockener und sonniger. Je n\u00e4her wir Bernal kamen, desto besser wurde das Wetter.<\/p>\n<div id=\"attachment_1231\" style=\"width: 310px\" class=\"wp-caption aligncenter\"><a href=\"http:\/\/www.sibylleundmattiontour.com\/wordpress\/wp-content\/uploads\/2014\/11\/DSC_6005.jpg\"><img loading=\"lazy\" decoding=\"async\" aria-describedby=\"caption-attachment-1231\" src=\"http:\/\/www.sibylleundmattiontour.com\/wordpress\/wp-content\/uploads\/2014\/11\/DSC_6005-300x200.jpg\" alt=\"Monolith bei Bernal\" width=\"300\" height=\"200\" class=\"size-medium wp-image-1231\" srcset=\"http:\/\/www.sibylleundmattiontour.com\/wordpress\/wp-content\/uploads\/2014\/11\/DSC_6005-300x200.jpg 300w, http:\/\/www.sibylleundmattiontour.com\/wordpress\/wp-content\/uploads\/2014\/11\/DSC_6005-210x140.jpg 210w, http:\/\/www.sibylleundmattiontour.com\/wordpress\/wp-content\/uploads\/2014\/11\/DSC_6005.jpg 978w\" sizes=\"auto, (max-width: 300px) 100vw, 300px\" \/><\/a><p id=\"caption-attachment-1231\" class=\"wp-caption-text\">Monolith bei Bernal<\/p><\/div>\n<p style=\"text-align: justify;\">Gegen 12 Uhr kamen wir in Bernal an. Der Monolith war einer der h\u00f6chsten der Welt. Das Wetter war mittlerweile richtig klasse geworden! Die Wolken waren nahezu verschwunden und man sah von dem Punkt, wo wir aus dem Bus gelassen worden, den Monolithen vor einem perfekten blauen Himmelshintergrund.<\/p>\n<p style=\"text-align: justify;\">Kai ging mit uns zum Beginn des Naturparks und fragte nach einer M\u00f6glichkeit mit einem kleinen Traktor auf den Monolithen zu fahren. Doch es war nur einer von den zwei vorhanden Traktoren da und wir h\u00e4tten auf den zweiten 1 Stunde warten m\u00fcssen. Aber wir wollten wandern, also sagten wir Kai, dass uns der Traktor schnuppe ist und wir wandern wollen. Kai w\u00e4re wahrscheinlich lieber gefahren.<\/p>\n<p style=\"text-align: justify;\">Auf dem Weg zum Beginn des Steinwegs traf Kai einen \u00e4lteren Mann, der sich als Bergf\u00fchrer und Bergretter entpuppte. Er bot Kai an, uns hinauf auf den Monolithen zu f\u00fchren.<\/p>\n<p style=\"text-align: justify;\">Wir folgten Pablo, so war der Name des Bergf\u00fchrers, und lauschten seinen Worten und Erkl\u00e4rungen. Kai \u00fcbersetzte seine spanischen Worte.<\/p>\n<div id=\"attachment_1232\" style=\"width: 310px\" class=\"wp-caption aligncenter\"><a href=\"http:\/\/www.sibylleundmattiontour.com\/wordpress\/wp-content\/uploads\/2014\/11\/DSC_6013.jpg\"><img loading=\"lazy\" decoding=\"async\" aria-describedby=\"caption-attachment-1232\" src=\"http:\/\/www.sibylleundmattiontour.com\/wordpress\/wp-content\/uploads\/2014\/11\/DSC_6013-300x200.jpg\" alt=\"Beginn der Wanderung\" width=\"300\" height=\"200\" class=\"size-medium wp-image-1232\" srcset=\"http:\/\/www.sibylleundmattiontour.com\/wordpress\/wp-content\/uploads\/2014\/11\/DSC_6013-300x200.jpg 300w, http:\/\/www.sibylleundmattiontour.com\/wordpress\/wp-content\/uploads\/2014\/11\/DSC_6013-210x140.jpg 210w, http:\/\/www.sibylleundmattiontour.com\/wordpress\/wp-content\/uploads\/2014\/11\/DSC_6013.jpg 978w\" sizes=\"auto, (max-width: 300px) 100vw, 300px\" \/><\/a><p id=\"caption-attachment-1232\" class=\"wp-caption-text\">Beginn der Wanderung<\/p><\/div>\n<p style=\"text-align: justify;\">Der Weg war schmal und sehr steinig, man hatte versucht eine Art Treppe aus Naturstein bereit zu stellen, doch es war auf jedem Fall wichtig, dass jeder auf seinen Schritt achtete. Pablo ermahnte uns immer wieder, langsam zu gehen und sich in Geduld zu \u00fcben. Weise wie er war, machte er immer wieder Pausen, damit wir uns sammeln konnten und etwas verschnaufen konnten. Immerhin befanden wir uns bereits auf \u00fcber 2000 Metern.<\/p>\n<p><a href=\"http:\/\/www.sibylleundmattiontour.com\/wordpress\/wp-content\/uploads\/2014\/11\/DSC_6019.jpg\"><img loading=\"lazy\" decoding=\"async\" src=\"http:\/\/www.sibylleundmattiontour.com\/wordpress\/wp-content\/uploads\/2014\/11\/DSC_6019-300x200.jpg\" alt=\"Der Monolith\" width=\"300\" height=\"200\" class=\"aligncenter size-medium wp-image-1233\" srcset=\"http:\/\/www.sibylleundmattiontour.com\/wordpress\/wp-content\/uploads\/2014\/11\/DSC_6019-300x200.jpg 300w, http:\/\/www.sibylleundmattiontour.com\/wordpress\/wp-content\/uploads\/2014\/11\/DSC_6019-210x140.jpg 210w, http:\/\/www.sibylleundmattiontour.com\/wordpress\/wp-content\/uploads\/2014\/11\/DSC_6019.jpg 978w\" sizes=\"auto, (max-width: 300px) 100vw, 300px\" \/><\/a><\/p>\n<p style=\"text-align: justify;\">Zwischendurch gab es immer wieder Aussichtsplattformen, von denen wir die wundersch\u00f6ne Landschaft genie\u00dfen konnten.<br \/>\n<div id=\"attachment_1235\" style=\"width: 310px\" class=\"wp-caption aligncenter\"><a href=\"http:\/\/www.sibylleundmattiontour.com\/wordpress\/wp-content\/uploads\/2014\/11\/DSC_6044.jpg\"><img loading=\"lazy\" decoding=\"async\" aria-describedby=\"caption-attachment-1235\" src=\"http:\/\/www.sibylleundmattiontour.com\/wordpress\/wp-content\/uploads\/2014\/11\/DSC_6044-300x200.jpg\" alt=\"Blick ins Tal\" width=\"300\" height=\"200\" class=\"size-medium wp-image-1235\" srcset=\"http:\/\/www.sibylleundmattiontour.com\/wordpress\/wp-content\/uploads\/2014\/11\/DSC_6044-300x200.jpg 300w, http:\/\/www.sibylleundmattiontour.com\/wordpress\/wp-content\/uploads\/2014\/11\/DSC_6044-210x140.jpg 210w, http:\/\/www.sibylleundmattiontour.com\/wordpress\/wp-content\/uploads\/2014\/11\/DSC_6044.jpg 978w\" sizes=\"auto, (max-width: 300px) 100vw, 300px\" \/><\/a><p id=\"caption-attachment-1235\" class=\"wp-caption-text\">Blick ins Tal<\/p><\/div><br \/>\n<a href=\"http:\/\/www.sibylleundmattiontour.com\/wordpress\/wp-content\/uploads\/2014\/11\/DSC_6047.jpg\"><img loading=\"lazy\" decoding=\"async\" src=\"http:\/\/www.sibylleundmattiontour.com\/wordpress\/wp-content\/uploads\/2014\/11\/DSC_6047-300x200.jpg\" alt=\"Blick ins Tal\" width=\"300\" height=\"200\" class=\"aligncenter size-medium wp-image-1236\" srcset=\"http:\/\/www.sibylleundmattiontour.com\/wordpress\/wp-content\/uploads\/2014\/11\/DSC_6047-300x200.jpg 300w, http:\/\/www.sibylleundmattiontour.com\/wordpress\/wp-content\/uploads\/2014\/11\/DSC_6047-210x140.jpg 210w, http:\/\/www.sibylleundmattiontour.com\/wordpress\/wp-content\/uploads\/2014\/11\/DSC_6047.jpg 978w\" sizes=\"auto, (max-width: 300px) 100vw, 300px\" \/><\/a><br \/>\n<a href=\"http:\/\/www.sibylleundmattiontour.com\/wordpress\/wp-content\/uploads\/2014\/11\/DSC_6056.jpg\"><img loading=\"lazy\" decoding=\"async\" src=\"http:\/\/www.sibylleundmattiontour.com\/wordpress\/wp-content\/uploads\/2014\/11\/DSC_6056-300x200.jpg\" alt=\"DSC_6056\" width=\"300\" height=\"200\" class=\"aligncenter size-medium wp-image-1237\" srcset=\"http:\/\/www.sibylleundmattiontour.com\/wordpress\/wp-content\/uploads\/2014\/11\/DSC_6056-300x200.jpg 300w, http:\/\/www.sibylleundmattiontour.com\/wordpress\/wp-content\/uploads\/2014\/11\/DSC_6056-210x140.jpg 210w, http:\/\/www.sibylleundmattiontour.com\/wordpress\/wp-content\/uploads\/2014\/11\/DSC_6056.jpg 978w\" sizes=\"auto, (max-width: 300px) 100vw, 300px\" \/><\/a><br \/>\nSt\u00fcck f\u00fcr St\u00fcck, einer Horde Bergziegen gleich, kraxelten wir das erloschene Lavagestein hinauf. Je h\u00f6her wir kamen, desto weniger wurden die herausgehauenen Treppenstufen und wir mu\u00dften mit nat\u00fcrlichen Spalten im Stein als Stufen leben. An jeder Plattform blieben ein paar aus der Reisegruppe zur\u00fcck, so dass wir nur noch 6 Personen waren, die Pablo bis zum Plateau hinauf folgen wollten.<\/p>\n<p><a href=\"http:\/\/www.sibylleundmattiontour.com\/wordpress\/wp-content\/uploads\/2014\/11\/DSC_6058.jpg\"><img loading=\"lazy\" decoding=\"async\" src=\"http:\/\/www.sibylleundmattiontour.com\/wordpress\/wp-content\/uploads\/2014\/11\/DSC_6058-300x200.jpg\" alt=\"DSC_6058\" width=\"300\" height=\"200\" class=\"aligncenter size-medium wp-image-1238\" srcset=\"http:\/\/www.sibylleundmattiontour.com\/wordpress\/wp-content\/uploads\/2014\/11\/DSC_6058-300x200.jpg 300w, http:\/\/www.sibylleundmattiontour.com\/wordpress\/wp-content\/uploads\/2014\/11\/DSC_6058-210x140.jpg 210w, http:\/\/www.sibylleundmattiontour.com\/wordpress\/wp-content\/uploads\/2014\/11\/DSC_6058.jpg 978w\" sizes=\"auto, (max-width: 300px) 100vw, 300px\" \/><\/a><\/p>\n<p style=\"text-align: justify;\">Ab hier wurde es etwas gef\u00e4hrlich. Wir wurden nochmals zur Geduld und Ruhe ermahnt. Obwohl auf Spanisch erkl\u00e4rt, verstanden wir was er wollte. Kleine Schritte waren erforderlich und wir sollten unbedingt die H\u00e4nde zu Hilfe nehmen. Pablo machte es vor, wie wir \u00fcber den teilweise recht glatten Stein h\u00f6her kommen konnten. Wer nicht gleich die richtige Route fand, bekam von ihm sofort eine Hilfestellung. Immer wieder lobte er uns und gab uns dadurch Selbstvertrauen. Zwischendurch hielten wir immer wieder an und genossen die Aussicht.<\/p>\n<p style=\"text-align: justify;\">Das Adrenalin stieg! Es ging noch ein wenig h\u00f6her hinauf, bis auf 2425 Meter kletterten wir und kamen schlie\u00dflich auf einem vorspringenden Plateau an.<br \/>\n<div id=\"attachment_1234\" style=\"width: 310px\" class=\"wp-caption aligncenter\"><a href=\"http:\/\/www.sibylleundmattiontour.com\/wordpress\/wp-content\/uploads\/2014\/11\/DSC_6032.jpg\"><img loading=\"lazy\" decoding=\"async\" aria-describedby=\"caption-attachment-1234\" src=\"http:\/\/www.sibylleundmattiontour.com\/wordpress\/wp-content\/uploads\/2014\/11\/DSC_6032-300x200.jpg\" alt=\"Sibylle und Pablo\" width=\"300\" height=\"200\" class=\"size-medium wp-image-1234\" srcset=\"http:\/\/www.sibylleundmattiontour.com\/wordpress\/wp-content\/uploads\/2014\/11\/DSC_6032-300x200.jpg 300w, http:\/\/www.sibylleundmattiontour.com\/wordpress\/wp-content\/uploads\/2014\/11\/DSC_6032-210x140.jpg 210w, http:\/\/www.sibylleundmattiontour.com\/wordpress\/wp-content\/uploads\/2014\/11\/DSC_6032.jpg 978w\" sizes=\"auto, (max-width: 300px) 100vw, 300px\" \/><\/a><p id=\"caption-attachment-1234\" class=\"wp-caption-text\">Sibylle und Pablo<\/p><\/div><br \/>\nHier oben schlotterten uns schon ein wenig die Knie, vor allem als uns Pablo zu einem besonderen Ausblick vom Rand des Plateaus einlud. Kaum zu glauben, das dieser Mexikaner 71 Jahre alt war, so fit wie er war. Aber kein Wunder, er ging diesen Weg an manchen Tagen 2 bis 3 mal.<\/p>\n<p style=\"text-align: justify;\">Langsam machten wir uns wieder auf den R\u00fcckweg. Es war schwer, sich von diesem einmaligen Anblick zu l\u00f6sen. Pablo sagte uns, das wir heute in den Genu\u00df eines\u00a0 wirklich super Blicks gekommen waren.<\/p>\n<p style=\"text-align: justify;\">Auf dem R\u00fcckweg war er genauso f\u00fcrsorglich wie auf dem Hinweg, gab jedem Hilfestellung und wartete, dass jeder in seinem Tempo hinterher kam. Je tiefer wir kamen, desto schw\u00e4cher wurde das Adrenalin in unseren Adern. Aber die Freude \u00fcber die bezwungene Herausforderung verging noch nicht.<\/p>\n<p style=\"text-align: justify;\">Inzwischen war es halb drei. Wir kamen am Ende der Steintreppe zu einem kleinen Restaurant, in dem die anderen schon sa\u00dfen und zu trinken hatten. Sie hatten schon zu Essen bestellt. Es sollte Gauditos geben. Doch wir mu\u00dften alle sehr lange auf die gef\u00fcllten Maisfladen warten. Irgendwie \u00fcbersahen uns die Kellner immer wieder. Die Mexikanerinnen am Nebentisch wurden immer zuerst bedient. Als dann schlie\u00dflich doch noch unser Essen kam, konnten wir ein recht leckeres Essen genie\u00dfen. Die Gauditos, Maisfladen, waren gef\u00fcllt mit allerlei mexikanischen Spezialit\u00e4ten. Kai hatte uns versprochen, dass es f\u00fcr uns Gauditos satt geben w\u00fcrde. Doch anscheinend war das nicht mit dem Restaurant abgesprochen, denn mit einem Mal kam die Kellnerin an und er\u00f6ffnete uns, dass es keine Gauditos mehr gab.<\/p>\n<p style=\"text-align: justify;\">Gegen viertel nach 4 machten wir uns dann wieder auf den Weg nach Mexiko City. Bald wurde es dunkel und die Fahrt wurde sehr ruhig. Kai erz\u00e4hlte nicht viel. Man hatte ein wenig das Gef\u00fchl, dass er froh war, das die Reise f\u00fcr ihn zu Ende ging.<\/p>\n<p style=\"text-align: justify;\">Etwa um viertel vor 8 kamen wir in Mexiko City an. Wir waren wieder im gleichen Hotel untergebracht wie am ersten Abend. Darum klappte auch alles sehr gut mit dem einchecken. Kai sagte uns, dass heute abend auch Thomas, der neue Reiseleiter da w\u00e4re und uns begr\u00fc\u00dfen w\u00fcrde.<\/p>\n<p style=\"text-align: justify;\">Rasch gingen wir auf die Zimmer und machten uns etwas frisch. Viele von uns hatten noch Hunger und wollten noch etwas Kleines essen. Au\u00dferdem wollten einige auch auf den Torre Latinoamerika gehen. P\u00fcnktlich um viertel nach 8 waren wir wieder unter in der Lobby. Nach und nach kamen die anderen dazu. Auch Kai war schon da. Thomas auch, er war am telefonieren. Kai erz\u00e4hlte uns, dass man Thomas kurz bevor er beim Hotel angekommen war, das Telefon aus der Hosentasche geklaut hatte. Diese Geschichte kam uns wie ein Dejavu vor. Begann etwa alles wieder von vorne?<br \/>\nSchlie\u00dflich kamen die letzten aus der Gruppe dazu und Kai zog es vor, sich schnell zu verabschieden. Jedem gab er die Hand und kassierte sein Trinkgeld, aber Sibylle, Linda, Sebastian und mich ignorierte er und wollte schon gehen. Doch da ich ein bi\u00dfchen in seinem Weg stand, mu\u00dfte er mir doch noch die Hand geben. Es war eine komische Stimmung, ungew\u00f6hnlich heiter von seiner Seite. Ich nehme an, er hatte schon wieder etwas fl\u00fcssige Aufheiterung zu sich genommen.<\/p>\n<p style=\"text-align: justify;\">Kai verschwand und Thomas kam. Thomas stellte sich vor und machte einen sehr ruhigen und strukturierten Eindruck. Wegen des Dejavu Erlebnis mit dem Telefon waren wir etwas skeptisch, aber wir wollten abwarten und ihm eine Chance geben.<br \/>\nDie Begr\u00fc\u00dfung war kurz gewesen und rasch verlie\u00dfen ein paar von uns das Hotel in Richtung Torre Latinoamerika. Der Torre ist ein 180m hoher Turm mitten in der Stadt in der N\u00e4he des Zocalo. Wir brauchten nur ein paar Minuten und fuhren in den 42 Stock hinauf. Von dort hatten wir einen sehr guten Rundumblick \u00fcber die Stadt. Sch\u00f6ner w\u00e4re es gewesen, bei Tag hier oben zu sein. Aber auch am Abend war der Anblick einmalig und die 70 Pesos waren gut angelegt.<\/p>\n<p><a href=\"http:\/\/www.sibylleundmattiontour.com\/wordpress\/wp-content\/uploads\/2014\/11\/DSCF2840.jpg\"><img loading=\"lazy\" decoding=\"async\" src=\"http:\/\/www.sibylleundmattiontour.com\/wordpress\/wp-content\/uploads\/2014\/11\/DSCF2840-300x225.jpg\" alt=\"DSCF2840\" width=\"300\" height=\"225\" class=\"aligncenter size-medium wp-image-1240\" srcset=\"http:\/\/www.sibylleundmattiontour.com\/wordpress\/wp-content\/uploads\/2014\/11\/DSCF2840-300x225.jpg 300w, http:\/\/www.sibylleundmattiontour.com\/wordpress\/wp-content\/uploads\/2014\/11\/DSCF2840-210x157.jpg 210w, http:\/\/www.sibylleundmattiontour.com\/wordpress\/wp-content\/uploads\/2014\/11\/DSCF2840.jpg 978w\" sizes=\"auto, (max-width: 300px) 100vw, 300px\" \/><\/a><br \/>\n<a href=\"http:\/\/www.sibylleundmattiontour.com\/wordpress\/wp-content\/uploads\/2014\/11\/DSCF2832.jpg\"><img loading=\"lazy\" decoding=\"async\" src=\"http:\/\/www.sibylleundmattiontour.com\/wordpress\/wp-content\/uploads\/2014\/11\/DSCF2832-300x225.jpg\" alt=\"DSCF2832\" width=\"300\" height=\"225\" class=\"aligncenter size-medium wp-image-1239\" srcset=\"http:\/\/www.sibylleundmattiontour.com\/wordpress\/wp-content\/uploads\/2014\/11\/DSCF2832-300x225.jpg 300w, http:\/\/www.sibylleundmattiontour.com\/wordpress\/wp-content\/uploads\/2014\/11\/DSCF2832-210x157.jpg 210w, http:\/\/www.sibylleundmattiontour.com\/wordpress\/wp-content\/uploads\/2014\/11\/DSCF2832.jpg 978w\" sizes=\"auto, (max-width: 300px) 100vw, 300px\" \/><\/a><\/p>\n<p style=\"text-align: justify;\">Nach dem Besuch des Torre gingen wir noch eine Kleinigkeit essen. Wir hatten einen sch\u00f6nen Abend bei leckerem mexikanischem Essen, etwas Bier und zum Abschlu\u00df einen Tequila. Dann ging es zur\u00fcck ins Hotel und wir fielen kurz nach 12 todm\u00fcde ins Bett.<\/p>\n","protected":false},"excerpt":{"rendered":"<p>Wir sp\u00fcren eine gewisse Routine in unseren Reisen. Ich kann noch nicht sagen, ob das gut oder schlecht ist. Zumindest ist es gut, dass der ganze Ablauf des Koffer packens &hellip; <a class=\"readmore\" href=\"http:\/\/www.sibylleundmattiontour.com\/wordpress\/?p=1229\">Continue Reading \u2192<\/a><\/p>\n","protected":false},"author":1,"featured_media":1231,"comment_status":"closed","ping_status":"open","sticky":false,"template":"","format":"standard","meta":{"footnotes":""},"categories":[9,19],"tags":[],"class_list":["post-1229","post","type-post","status-publish","format-standard","has-post-thumbnail","hentry","category-fernreisen","category-mexiko-2014"],"_links":{"self":[{"href":"http:\/\/www.sibylleundmattiontour.com\/wordpress\/index.php?rest_route=\/wp\/v2\/posts\/1229","targetHints":{"allow":["GET"]}}],"collection":[{"href":"http:\/\/www.sibylleundmattiontour.com\/wordpress\/index.php?rest_route=\/wp\/v2\/posts"}],"about":[{"href":"http:\/\/www.sibylleundmattiontour.com\/wordpress\/index.php?rest_route=\/wp\/v2\/types\/post"}],"author":[{"embeddable":true,"href":"http:\/\/www.sibylleundmattiontour.com\/wordpress\/index.php?rest_route=\/wp\/v2\/users\/1"}],"replies":[{"embeddable":true,"href":"http:\/\/www.sibylleundmattiontour.com\/wordpress\/index.php?rest_route=%2Fwp%2Fv2%2Fcomments&post=1229"}],"version-history":[{"count":3,"href":"http:\/\/www.sibylleundmattiontour.com\/wordpress\/index.php?rest_route=\/wp\/v2\/posts\/1229\/revisions"}],"predecessor-version":[{"id":1245,"href":"http:\/\/www.sibylleundmattiontour.com\/wordpress\/index.php?rest_route=\/wp\/v2\/posts\/1229\/revisions\/1245"}],"wp:featuredmedia":[{"embeddable":true,"href":"http:\/\/www.sibylleundmattiontour.com\/wordpress\/index.php?rest_route=\/wp\/v2\/media\/1231"}],"wp:attachment":[{"href":"http:\/\/www.sibylleundmattiontour.com\/wordpress\/index.php?rest_route=%2Fwp%2Fv2%2Fmedia&parent=1229"}],"wp:term":[{"taxonomy":"category","embeddable":true,"href":"http:\/\/www.sibylleundmattiontour.com\/wordpress\/index.php?rest_route=%2Fwp%2Fv2%2Fcategories&post=1229"},{"taxonomy":"post_tag","embeddable":true,"href":"http:\/\/www.sibylleundmattiontour.com\/wordpress\/index.php?rest_route=%2Fwp%2Fv2%2Ftags&post=1229"}],"curies":[{"name":"wp","href":"https:\/\/api.w.org\/{rel}","templated":true}]}}