{"id":122,"date":"2010-11-06T12:44:00","date_gmt":"2010-11-06T10:44:00","guid":{"rendered":"http:\/\/www.sibylleundmattiontour.com\/wordpress\/?p=122"},"modified":"2021-03-06T22:05:00","modified_gmt":"2021-03-06T20:05:00","slug":"06-11-2010-arequipa","status":"publish","type":"post","link":"http:\/\/www.sibylleundmattiontour.com\/wordpress\/?p=122","title":{"rendered":"06.11.2010: Arequipa"},"content":{"rendered":"<p>Als wir an diesem Morgen in Arequipa erwachen, lacht uns die Sonne entgegen. Wieder haben wir Gl\u00fcck mit dem Wetter. Geschlafen haben wir auch gut, auch wenn die Matratzen nat\u00fcrlich nicht unserem Standard zu Hause entsprechen. Sibylles R\u00fccken zickt heute morgen ein klein wenig herum, aber es ist nicht wirklich dramatisch. W\u00e4hrend ich im Bad bin und mich zurecht mache, zieht ein \u201ctemblar\u201d durch das Hotel, eine kleine Ersch\u00fctterung von etwa sieben bis zehn Sekunden Dauer. Ich merke davon gar nicht, aber Sibylle ist es aufgefallen. Aber wir wurden von Andrea schon vorgewarnt und wissen diese kleinen Ersch\u00fctterungen der Plattentektonik einzuordnen.<br \/>\nWir gehen hinunter in die Fr\u00fchst\u00fcckshalle und treffen auf ein paar Mitreisende. Es ist etwas frisch, das ganze Hotel ist insgesamt sehr k\u00fchl und an vielen Stellen ist es zugig. Aber das Hotel hat Charme und ist sehr nobel hergerichtet. Die Bediensteten sind durchweg sehr nett und wir werden \u00fcberall mit Buenos Dias oder Buenos Tardes begr\u00fc\u00dft, wozu nat\u00fcrlich auch immer ein L\u00e4cheln geh\u00f6rt. Aber wir ignorieren das und setzen uns zu Walter Hill,einem korpulenterem Mann in den f\u00fcnfzigern, der auch schon weit gereist ist und als Softwareentwickler f\u00fcr HP arbeitet. Sp\u00e4ter setzen sich noch Sonja und Andrea zu uns. Dort zeigt uns Andrea, unsere Reiseleiterin, eine ihrer Lieblingsfrucht. Sie sieht wie eine Passionsfrucht aus. Man schneidet den Kegel ab und l\u00f6ffelt dann wie bei einer Kiwi das Innere. Diese Frucht nennt sich Ochamoya, sie ist sehr lecker und gar nicht so s\u00e4uerlich wie eine Passionsfrucht.<br \/>\nP\u00fcnktlich um kurz vor 9 sind wir komplett versammelt am Bus und bereit zur Abfahrt nach Arequipa. Die Fahrt ins Zentrum von Arequipa dauert nicht einmal 20 Minuten. Es ist nat\u00fcrlich f\u00fcr den Bus nicht ganz so einfach, in den teilweise recht engen Gassen zu fahren, zumal heute Samstag ist. Und dabei ist es noch relativ fr\u00fch am morgen. Etwas sp\u00e4ter, so meint Andrea, wird es richtig voll werden, weil dann die ganzen Familien unterwegs sind und einkaufen.<br \/>\nAls erstes fahren wir den Markt von San Camillo an, einen Markt, der nicht f\u00fcr die Touristen erschaffen wurde, sondern der jeden Tag im Jahr f\u00fcr die einheimische Bev\u00f6lkerung da ist und auf dem es wirklich alles zu kaufen gibt, in erster Linie aber Lebensmittel. Es gibt zwar auch Superm\u00e4rkte in Arequipa, aber diese werden von der einheimischen Bev\u00f6lkerung nicht komplett angenommen.<\/p>\n<p>Die Marktfrauen sind sehr gerissen, meint Andrea, denn sie kennen ihre Kunden und versuchen nat\u00fcrlich ihnen genau die Lieblingsgerichte anzupreisen und Sonderrabatte zu geben, die in Wirklichkeit keine sind. Aber nicht nur Lebensmittel gibt es hier zu kaufen, sondern auch allerlei esoterisch und naturheilkundliches. Es gibt hier Allheilmittel ebenso wie Gl\u00fccksbringer und die Potenz steigernde Mittel. Zun\u00e4chst werden wir in zwei Gruppen von Ute, unserem lokalen Reisef\u00fchrer f\u00fcr Arequipa, und Andrea, \u00fcber den Markt gef\u00fchrt. Dabei erhalten wir einen guten Einblick in das Angebot,k\u00f6nnen auch das ein oder andere leckere Lebensmittel probieren. Dann geht es noch ein paar Minuten auf eigene Faust \u00fcber den Markt.<br \/>\nNach dem Markt besuchen wir eine Jesuitenkirche und lernen den Mestizenbarock kennen.<\/p>\n<div id=\"attachment_123\" style=\"width: 310px\" class=\"wp-caption aligncenter\"><a href=\"http:\/\/www.sibylleundmattiontour.com\/wordpress\/wp-content\/uploads\/2013\/10\/tag-04-02.jpg\"><img loading=\"lazy\" decoding=\"async\" aria-describedby=\"caption-attachment-123\" class=\"size-medium wp-image-123\" alt=\"Jesuitenkloster in Arequipa\" src=\"http:\/\/www.sibylleundmattiontour.com\/wordpress\/wp-content\/uploads\/2013\/10\/tag-04-02-300x200.jpg\" width=\"300\" height=\"200\" srcset=\"http:\/\/www.sibylleundmattiontour.com\/wordpress\/wp-content\/uploads\/2013\/10\/tag-04-02-300x200.jpg 300w, http:\/\/www.sibylleundmattiontour.com\/wordpress\/wp-content\/uploads\/2013\/10\/tag-04-02-280x187.jpg 280w, http:\/\/www.sibylleundmattiontour.com\/wordpress\/wp-content\/uploads\/2013\/10\/tag-04-02.jpg 640w\" sizes=\"auto, (max-width: 300px) 100vw, 300px\" \/><\/a><p id=\"caption-attachment-123\" class=\"wp-caption-text\">Jesuitenkloster in Arequipa<\/p><\/div>\n<p>Danach zieht es uns zur Kathedrale, die entgegen \u00fcblicher Bauweise quer zum Place de Armas steht. Hiernach geht es weiter zum Kloster Santa Catalina, wo wir eine einst\u00fcndige F\u00fchrung erhalten.<\/p>\n<div id=\"attachment_124\" style=\"width: 310px\" class=\"wp-caption aligncenter\"><a href=\"http:\/\/www.sibylleundmattiontour.com\/wordpress\/wp-content\/uploads\/2013\/10\/tag-04-03.jpg\"><img loading=\"lazy\" decoding=\"async\" aria-describedby=\"caption-attachment-124\" class=\"size-medium wp-image-124\" alt=\"Kloster Santa Catalina\" src=\"http:\/\/www.sibylleundmattiontour.com\/wordpress\/wp-content\/uploads\/2013\/10\/tag-04-03-300x200.jpg\" width=\"300\" height=\"200\" srcset=\"http:\/\/www.sibylleundmattiontour.com\/wordpress\/wp-content\/uploads\/2013\/10\/tag-04-03-300x200.jpg 300w, http:\/\/www.sibylleundmattiontour.com\/wordpress\/wp-content\/uploads\/2013\/10\/tag-04-03-280x187.jpg 280w, http:\/\/www.sibylleundmattiontour.com\/wordpress\/wp-content\/uploads\/2013\/10\/tag-04-03.jpg 640w\" sizes=\"auto, (max-width: 300px) 100vw, 300px\" \/><\/a><p id=\"caption-attachment-124\" class=\"wp-caption-text\">Kloster Santa Catalina<\/p><\/div>\n<p>Das Kloster ist an sich sehr interessant und auch sch\u00f6n, aber unsere F\u00fchrering rattert ihren Text nur so herunter und achtet auch \u00fcberhaupt nicht darauf, ob wir mitkommen, das scheint ihr egal zu sein. Sie macht einfach weiter.<br \/>\nIrgendwann ist diese F\u00fchrung aber auch vorbei und allzu viel an Fakten ist bei mir leider nicht h\u00e4ngen geblieben.<br \/>\nDen Rest des Tages haben wir zur freien Verf\u00fcgung. Zun\u00e4chst beschliessen wir sieben, Familie P\u00fcstow aus der Nordheide, Monique und Patrick aus Luxembourg und Walter Hill aus D\u00fcsseldorf, sowie Sibylle und ich, erst einmal im Chi Cha essen zu gehen. Das war ein kleines Restaurant nicht weit vom Kloster entfernt. Es wurde uns von Andrea empfohlen und machte einen ganz netten Eindruck. Also gehen wir dorthin und essen zu Mittag. Es gibt Ricotto Rolleno, eine typisch peruanische Speise. Dabei handelt es sich um gef\u00fcllte Paprika auf einer Art Kartoffelgratin, ziemlich scharf aber auch sehr lecker. Sonja st\u00f6\u00dft dann auch dazu und setzt sich zu uns an den Tisch.<br \/>\nNach dem Essen schauen wir uns noch ein bi\u00dfchen in der Umgebung des Hautplatzes um. Wir gehen zur\u00fcck zur Jesuitenkirche, wo im zweiten Innenhof ein paar Gesch\u00e4fte waren, die wir am morgen schon kurz besichtigt hatten. W\u00e4hrend Monique und Patrick sich den Pullovern aus Alpaca Wolle widmen, gehen Sibylle und ich in den Hutladen. Hier findet Sibylle einen sch\u00f6nen Hut, den sie sich kauft. W\u00e4hrend der Verk\u00e4ufer noch dabei ist, das Hutband einzuziehen,kommen Monique und Patrick und Monique kann uns mit ihren Spanischkenntnissen gut unterst\u00fctzen.<br \/>\nDann lassen wir uns vom Hutmacher zwei Taxen zum Hotel bestellen. Das dauert zwar etwas lang, aber immerhin sind die Taxis dann auch sehr schnell zur Stelle und wir fahren ins Hotel zur\u00fcck, wo wir uns vor dem gemeinsamen Abendessen noch etwas zur\u00fcckziehen.<br \/>\nGegen 19 Uhr treffen wir uns dann zum Abendessen. Es war ein sehr netter Abend in gem\u00fctlicher Runde, der wirklich Lust auf mehr macht.<\/p>\n<p>&nbsp;<\/p>\n","protected":false},"excerpt":{"rendered":"<p>Als wir an diesem Morgen in Arequipa erwachen, lacht uns die Sonne entgegen. Wieder haben wir Gl\u00fcck mit dem Wetter. Geschlafen haben wir auch gut, auch wenn die Matratzen nat\u00fcrlich &hellip; <a class=\"readmore\" href=\"http:\/\/www.sibylleundmattiontour.com\/wordpress\/?p=122\">Continue Reading \u2192<\/a><\/p>\n","protected":false},"author":2,"featured_media":125,"comment_status":"closed","ping_status":"closed","sticky":false,"template":"","format":"standard","meta":{"footnotes":""},"categories":[9,12],"tags":[],"class_list":["post-122","post","type-post","status-publish","format-standard","has-post-thumbnail","hentry","category-fernreisen","category-peru-2010"],"_links":{"self":[{"href":"http:\/\/www.sibylleundmattiontour.com\/wordpress\/index.php?rest_route=\/wp\/v2\/posts\/122","targetHints":{"allow":["GET"]}}],"collection":[{"href":"http:\/\/www.sibylleundmattiontour.com\/wordpress\/index.php?rest_route=\/wp\/v2\/posts"}],"about":[{"href":"http:\/\/www.sibylleundmattiontour.com\/wordpress\/index.php?rest_route=\/wp\/v2\/types\/post"}],"author":[{"embeddable":true,"href":"http:\/\/www.sibylleundmattiontour.com\/wordpress\/index.php?rest_route=\/wp\/v2\/users\/2"}],"replies":[{"embeddable":true,"href":"http:\/\/www.sibylleundmattiontour.com\/wordpress\/index.php?rest_route=%2Fwp%2Fv2%2Fcomments&post=122"}],"version-history":[{"count":1,"href":"http:\/\/www.sibylleundmattiontour.com\/wordpress\/index.php?rest_route=\/wp\/v2\/posts\/122\/revisions"}],"predecessor-version":[{"id":126,"href":"http:\/\/www.sibylleundmattiontour.com\/wordpress\/index.php?rest_route=\/wp\/v2\/posts\/122\/revisions\/126"}],"wp:featuredmedia":[{"embeddable":true,"href":"http:\/\/www.sibylleundmattiontour.com\/wordpress\/index.php?rest_route=\/wp\/v2\/media\/125"}],"wp:attachment":[{"href":"http:\/\/www.sibylleundmattiontour.com\/wordpress\/index.php?rest_route=%2Fwp%2Fv2%2Fmedia&parent=122"}],"wp:term":[{"taxonomy":"category","embeddable":true,"href":"http:\/\/www.sibylleundmattiontour.com\/wordpress\/index.php?rest_route=%2Fwp%2Fv2%2Fcategories&post=122"},{"taxonomy":"post_tag","embeddable":true,"href":"http:\/\/www.sibylleundmattiontour.com\/wordpress\/index.php?rest_route=%2Fwp%2Fv2%2Ftags&post=122"}],"curies":[{"name":"wp","href":"https:\/\/api.w.org\/{rel}","templated":true}]}}